{"id":38415,"date":"2025-12-11T09:25:58","date_gmt":"2025-12-11T08:25:58","guid":{"rendered":"https:\/\/fain.es\/puertas\/blog\/com-activar-el-mode-manual-de-les-portes-automatiques-en-una-situacio-demergencia\/"},"modified":"2025-12-11T09:26:25","modified_gmt":"2025-12-11T08:26:25","slug":"com-activar-el-mode-manual-de-les-portes-automatiques-en-una-situacio-demergencia","status":"publish","type":"blog_puertas","link":"https:\/\/fain.es\/ca\/puertas\/blog\/com-activar-el-mode-manual-de-les-portes-automatiques-en-una-situacio-demergencia\/","title":{"rendered":"Com activar el mode manual de les portes autom\u00e0tiques en una situaci\u00f3 d&#8217;emerg\u00e8ncia?"},"content":{"rendered":"\n<p>Despr\u00e9s de l&#8217; <a href=\"https:\/\/fain.es\/puertas\/blog\/fain-puertas-compromiso-profesionalidad-apagon\/\" target=\"_blank\" rel=\"noreferrer noopener\">apagada del 28 d&#8217;abril passat<\/a> , moltes persones no van poder entrar ni sortir dels seus garatges davant la impossibilitat d&#8217;obrir i tancar les portes mitjan\u00e7ant el comandament a dist\u00e0ncia. De la mateixa manera, molts professionals es van veure obligats a romandre a l&#8217;interior dels seus negocis fins que va tornar el subministrament el\u00e8ctric, ja que no podien tancar les portes dels seus locals i volien evitar robatoris, saquejos, etc. <\/p>\n\n<p>Aquesta experi\u00e8ncia va posar en relleu una cosa crucial: la import\u00e0ncia de <strong>saber activar la manera manual<\/strong> d&#8217;unes portes autom\u00e0tiques davant de situacions imprevistes, com ara talls d&#8217;electricitat, errors al motor o problemes en els sistemes d&#8217;obertura.<\/p>\n\n<p>A FAIN volem explicar-te com desbloquejar els <strong>diferents tipus de portes autom\u00e0tiques<\/strong> de manera segura, ja siguin portes seccionals, corredisses, batents o enrotllables. Amb aquests coneixements, podr\u00e0s enfrontar-te amb m\u00e9s garanties a qualsevol emerg\u00e8ncia sense danyar el sistema de la porta ni comprometre&#8217;n el funcionament. <\/p>\n\n<h2 class=\"wp-block-heading\">Indicacions per a cada tipus de porta<\/h2>\n\n<h3 class=\"wp-block-heading\">Portes de garatge seccionals<\/h3>\n\n<p>Les portes seccionals s\u00f3n comunes als garatges residencials. Estan compostes per diversos panells horitzontals que es pleguen cap amunt quan s&#8217;obren. <\/p>\n\n<p>En aquestes portes el sistema de desbloqueig sol consistir en una corda o una palanca d&#8217;emerg\u00e8ncia. Per desconnectar el motor i activar el mode manual, has d&#8217; <strong>estirar la corda o la palanca<\/strong> . Aix\u00f2 permet moure la porta manualment cap amunt o cap avall sense resist\u00e8ncia. Quan l&#8217;energia es restableixi, assegureu-vos de tornar a enganxar la corda perqu\u00e8 el motor funcioni normalment.   <\/p>\n<div class=\"wp-block-image\">\n<figure class=\"aligncenter size-full\"><img loading=\"lazy\" decoding=\"async\" width=\"790\" height=\"559\" src=\"https:\/\/fain.es\/wp-content\/uploads\/2021\/11\/211018_Fain_Seccional-industrial-PREVIO-e1647967158307.jpg\" alt=\"Il&#xB7;lustraci&#xF3; porta seccional industrial FAIN\" class=\"wp-image-11829\"\/><\/figure>\n<\/div>\n<h3 class=\"wp-block-heading\">Portes corredisses autom\u00e0tiques<\/h3>\n\n<p>A molts negocis i alguns edificis residencials trobar\u00e0s portes corredisses. El seu disseny compta amb un sistema de guies per les quals la porta llisca lateralment. <\/p>\n\n<p>En aquest cas, cerca el pany o tapa que cobreix el motor de la porta. Utilitza la <strong>clau d&#8217;emerg\u00e8ncia<\/strong> (inclosa normalment amb la instal\u00b7laci\u00f3) per girar i alliberar el sistema de bloqueig. Aix\u00f2 desconnecta el motor, permetent lliscar la porta de forma manual. Un cop finalitzada l&#8217;emerg\u00e8ncia, segueix les instruccions del fabricant per connectar de nou el motor i activar el mode autom\u00e0tic de les portes.   <\/p>\n<div class=\"wp-block-image\">\n<figure class=\"aligncenter size-full is-resized\"><img loading=\"lazy\" decoding=\"async\" width=\"790\" height=\"558\" src=\"https:\/\/fain.es\/wp-content\/uploads\/2021\/11\/211004_Fain_Corredera-residencial-PREVIO-e1651131904842.jpg\" alt=\"Il&#xB7;lustraci&#xF3; porta autom&#xE0;tica corredissa residencial\" class=\"wp-image-11840\" style=\"width:820px;height:auto\"\/><\/figure>\n<\/div>\n<h3 class=\"wp-block-heading\">Portes batents autom\u00e0tiques<\/h3>\n\n<p>Les portes batents estan compostes per un o dos bra\u00e7os que obren la porta en angle, com si fos una porta convencional. S\u00f3n habituals en entrades a garatges particulars a urbanitzacions, xalets, etc. <\/p>\n\n<p>Localitza el <strong>pany del motor<\/strong> , que sol estar en un dels bra\u00e7os. Insereix la clau especial al pany i gira-la per desconnectar el motor. Aix\u00f2 permet moure els bra\u00e7os de la porta manualment.  <\/p>\n<div class=\"wp-block-image\">\n<figure class=\"aligncenter size-full is-resized\"><img loading=\"lazy\" decoding=\"async\" width=\"700\" height=\"495\" src=\"https:\/\/fain.es\/wp-content\/uploads\/2021\/11\/210928_Fain_Batiente-Residencial_HD-01-002-2-scaled-e1648640543776.jpg\" alt=\"Il&#xB7;lustraci&#xF3; Porta batent residencial FAIN\" class=\"wp-image-11848\" style=\"width:808px;height:auto\"\/><\/figure>\n<\/div>\n<h3 class=\"wp-block-heading\">Portes enrotllables autom\u00e0tiques<\/h3>\n\n<p>Les portes enrotllables s\u00f3n la soluci\u00f3 perfecta per estalviar espai en un local comercial o garatge, per la qual cosa s&#8217;utilitzen tant a l&#8217;\u00e0mbit industrial com al residencial.<\/p>\n\n<p>Aquestes portes solen tindre un sistema d&#8217;emerg\u00e8ncia que inclou una cadena. Si estires de la <strong>cadena d&#8217;emerg\u00e8ncia<\/strong> amb for\u00e7a (ubicada normalment en un dels laterals de la porta) podr\u00e0s desenrotllar la porta manualment. <\/p>\n<div class=\"wp-block-image\">\n<figure class=\"aligncenter size-full\"><img loading=\"lazy\" decoding=\"async\" width=\"790\" height=\"558\" src=\"https:\/\/fain.es\/wp-content\/uploads\/2021\/11\/211004_Fain_Enrollable-comercial-PREVIO-e1649665140569.jpg\" alt=\"Il&#xB7;lustraci&#xF3; porta enrotllable comercial FAIN\" class=\"wp-image-11841\"\/><\/figure>\n<\/div>\n<h2 class=\"wp-block-heading\">Consells per evitar bloquejos a les portes autom\u00e0tiques<\/h2>\n\n<p>Manipular una porta autom\u00e0tica sense experi\u00e8ncia pot presentar riscos si no se segueixen certes precaucions. Aqu\u00ed et deixem alguns consells per fer-ho de manera segura: <\/p>\n\n<ul class=\"wp-block-list\">\n<li><strong>Consulta el manual de les portes<\/strong> : les portes autom\u00e0tiques modernes inclouen un sistema de desbloqueig manual per a casos d&#8217;emerg\u00e8ncia. Al manual d&#8217;\u00fas de la teva porta el fabricant especifica la ubicaci\u00f3 i el tipus de mecanisme de desbloqueig (com una corda, palanca o clau especial). Si tens dubtes, consulta amb un professional perqu\u00e8 inspeccioni la porta i et confirmi quin mecanisme fa servir. \u00c9s recomanable saber com activar el mode manual de les portes i familiaritzar-te amb el proc\u00e9s abans de necessitar-lo.   <\/li>\n\n\n\n<li><strong>Evita for\u00e7ar la porta<\/strong> : si la porta est\u00e0 encallada o no respon al mode manual, no intenteu for\u00e7ar-la. Aix\u00f2 podria fer malb\u00e9 el sistema d&#8217;obertura o els components interns, incrementant els costos de reparaci\u00f3. <\/li>\n\n\n\n<li><strong>Truca a un t\u00e8cnic si tens dubtes<\/strong> : si el desbloqueig manual no funciona com hauria de fer, no actu\u00efs pel teu compte. El millor \u00e9s contactar amb la teva empresa de manteniment i deixar la feina a les mans d&#8217;un professional. <\/li>\n\n\n\n<li>Per acabar, recorda que un <a href=\"https:\/\/fain.es\/puertas\/mantenimiento\/contratos\/\" target=\"_blank\" rel=\"noreferrer noopener\">bon manteniment preventiu<\/a> redueix les probabilitats que una porta autom\u00e0tica es bloquegi en moments cr\u00edtics. Aix\u00ed que anticipa&#8217;t! Si les portes estan correctament mantingudes, no haur\u00e0s de lamentar imprevistos ni ensurts davant d&#8217;una situaci\u00f3 imprevista.  <\/li>\n<\/ul>\n\n<p>Si tens dubtes o no saps quin sistema d&#8217;emerg\u00e8ncia incorporen les portes, consulta&#8217;ns! Estem <strong>#SempreDisponibles<\/strong> per all\u00f2 que necessitis, i per sobre de tot prioritzem la seguretat dels usuaris. <\/p>\n\n<div class=\"d-none\" id=\"texto-form-campana\" data-campana=\"no\" data-test=\"mio\"><\/div>\n<form id=\"form-cta-lift\" data-tipo=\"landing\" class=\"form-cta-lift-landing-general\">\n\t<div class=\"row text-left\">\n\t\t<div class=\"col-6 form-group px-1 px-md-3 px-1 px-md-3\">\n\t\t\t<label for=\"Lead___FirstName\" class=\"sr-only\">Nom<\/label>\n\t\t\t<input type=\"text\" name=\"Lead___FirstName\" class=\"form-control\" id=\"Lead___FirstName\" placeholder=\"Nom\">\n\t\t<\/div>\n\t\t<div class=\"col-6 form-group px-1 px-md-3\">\n\t\t\t<label for=\"Lead___LastName\" class=\"sr-only\">Cognoms<\/label>\n\t\t\t<input type=\"text\"\n\t\t\t\tname=\"Lead___LastName\"\n\t\t\t\tvalue=\"\"\n\t\t\t\tsize=\"40\"\n\t\t\t\tclass=\"form-control\"\n\t\t\t\tid=\"Lead___LastName\"\n\t\t\t\tplaceholder=\"Cognoms\">\n\t\t<\/div>\n\t\t<div class=\"col-6 form-group px-1 px-md-3\">\n\t\t\t<label for=\"Lead___Email\" class=\"sr-only\">Email<\/label>\n\t\t\t<input type=\"email\" name=\"Lead___Email\" class=\"form-control\" id=\"Lead___Email\" placeholder=\"Email\">\n\t\t<\/div>\n\t\t<div class=\"col-6 form-group px-1 px-md-3\">\n\t\t\t<label for=\"Lead___MobilePhone\" class=\"sr-only\">Tel\u00e8fon<\/label>\n\t\t\t<input type=\"tel\" name=\"Lead___MobilePhone\" class=\"form-control\" id=\"Lead___MobilePhone\" placeholder=\"Tel\u00e8fon\">\n\t\t<\/div>\n\t\t<div class=\"col-6 form-group px-1 px-md-3\">\n\t\t\t<label for=\"Lead___Funcion__c\" class=\"sr-only\">Quina funci\u00f3 et descriu millor?<\/label>\n\t\t\t<select name=\"Lead___Funcion__c\" class=\"form-control custom-select\" id=\"Lead___Funcion__c\">\n\t\t\t\t<option value=\"\">Quina funci\u00f3 et descriu millor?<\/option>\n\t\t\t\t\t\t\t\t\t<option value=\"05\">Porter\/Conserge<\/option>\n\t\t\t\t\t\t\t\t\t<option value=\"AD\">Administrador<\/option>\n\t\t\t\t\t\t\t\t\t<option value=\"EM\">Empleat<\/option>\n\t\t\t\t\t\t\t\t\t<option value=\"EX\">Extern a la finca<\/option>\n\t\t\t\t\t\t\t\t\t<option value=\"MA\">Manteniment<\/option>\n\t\t\t\t\t\t\t\t\t<option value=\"PE\">President<\/option>\n\t\t\t\t\t\t\t\t\t<option value=\"PR\">Propietari<\/option>\n\t\t\t\t\t\t\t\t\t<option value=\"RE\">Recepci\u00f3\/Vigilant<\/option>\n\t\t\t\t\t\t\t\t\t<option value=\"SE\">Secretari<\/option>\n\t\t\t\t\t\t\t\t\t<option value=\"VE\">Ve\u00ed<\/option>\n\t\t\t\t\t\t\t\t\t<option value=\"VI\">Vicepresident<\/option>\n\t\t\t\t\t\t\t\t\t<option value=\"XX\">Un altre<\/option>\n\t\t\t\t\t\t\t\t\t<option value=\"JO\">Cap d'obra<\/option>\n\t\t\t\t\t\t\t\t\t<option value=\"RP\">Responsable de Compres<\/option>\n\t\t\t\t\t\t\t\t\t<option value=\"EO\">Encarregat d'obra<\/option>\n\t\t\t\t\t\t\t\t\t<option value=\"DF\">Direcci\u00f3 Facultativa<\/option>\n\t\t\t\t\t\t\t<\/select>\n\t\t<\/div>\n\t\t<div class=\"col-6 form-group px-1 px-md-3\">\n\t\t\t<label for=\"subtipo__c\" class=\"sr-only\">Selecciona un producte<\/label>\n\t\t\t<select name=\"Subtipo__c\" class=\"form-control custom-select\" id=\"subtipo__c\">\n\t\t\t\t<option value=\"\">Selecciona un producte<\/option>\n\t\t\t\t\t\t\t\t\t<option value=\"Finca sin ascensor\">Finca sense Ascensor<\/option>\n\t\t\t\t\t\t\t\t\t<option value=\"Mantenimiento\">Manteniment<\/option>\n\t\t\t\t\t\t\t\t\t<option value=\"Reparaci\u00f3n\">Reparaci\u00f3<\/option>\n\t\t\t\t\t\t\t\t\t<option value=\"Modernizaci\u00f3n\">Modernitzaci\u00f3<\/option>\n\t\t\t\t\t\t\t\t\t<option value=\"Sustituci\u00f3n\">Substituci\u00f3<\/option>\n\t\t\t\t\t\t\t\t\t<option value=\"Obra nueva\">Obra Nova<\/option>\n\t\t\t\t\t\t\t\t\t<option value=\"Servicios digitales\">Serveis Digitals<\/option>\n\t\t\t\t\t\t\t\t\t<option value=\"Plataformas\/0,15\/Otros\">Plataformes\/0,15\/Altres<\/option>\n\t\t\t\t\t\t\t\t\t<option value=\"Salvaescaleras\">Salvaescales<\/option>\n\t\t\t\t\t\t\t<\/select>\n\t\t<\/div>\n\t\t<div class=\"col-12 form-group\">\n\t\t\t<label class=\"d-none\" for=\"DetallatuconsultaAviso\"><\/label>\n\t\t\t<textarea id=\"DetallatuconsultaAviso\"\n\t\t\t\tname=\"DetallatuconsultaAviso\"\n\t\t\t\tclass=\"form-control campoFormulario\"\n\t\t\t\tplaceholder=\"Detalla la teva consulta\"><\/textarea>\n\t\t<\/div>\n\t\t\t\t\t\t<div class=\"col-12 form-group px-1 px-md-3\">\n\t\t\t<label for=\"Lead__Direccion\" class=\"custom-direccion-label\">Escriu la teva adre\u00e7a<\/label>\n\t\t\t<input type=\"text\"\n\t\t\t\tname=\"Lead__Direccion\"\n\t\t\t\tclass=\"form-control d-none\"\n\t\t\t\tid=\"Lead__Direccion\"\n\t\t\t\tplaceholder=\"Escriu la teva adre\u00e7a\"\n\t\t\t\tautocomplete=\"off\">\n\t\t<\/div>\n\t<\/div>\n\t<div class=\"collapse row\" id=\"collapseDirections\">\n\t\t<div class=\"col-6 form-group px-1 px-md-3\">\n\t\t\t<label for=\"Lead___Street_Number\" class=\"sr-only\">N\u00famero de portal<\/label>\n\t\t\t<input type=\"text\"\n\t\t\t\tname=\"Lead___Street_Number\"\n\t\t\t\tclass=\"form-control\"\n\t\t\t\tid=\"Lead___Street_Number\"\n\t\t\t\tplaceholder=\"N\u00famero de portal\"\n\t\t\t\tautocomplete=\"off\">\n\t\t<\/div>\n\t\t<div class=\"col-6 form-group px-1 px-md-3\">\n\t\t\t<label for=\"Lead___City\" class=\"sr-only\">Ciutat<\/label>\n\t\t\t<input type=\"text\" name=\"Lead___City\" class=\"form-control\" id=\"Lead___City\" placeholder=\"Ciutat\" autocomplete=\"off\">\n\t\t<\/div>\n\t\t<div class=\"col-6 form-group px-1 px-md-3\">\n\t\t\t<label for=\"Lead___State\" class=\"sr-only\">Prov\u00edncia<\/label>\n\t\t\t<select name=\"Lead___State\"\n\t\t\t\tclass=\"form-control custom-select\"\n\t\t\t\tid=\"Lead___State\">\n\t\t\t\t<option value=\"\" disabled selected>Escull la teva prov\u00edncia<\/option>\n\t\t\t\t\t\t\t\t\t<option value=\"\u00c0laba\" data-code=\"01\">\u00c0laba<\/option>\n\t\t\t\t\t\t\t\t\t<option value=\"Albacete\" data-code=\"02\">Albacete<\/option>\n\t\t\t\t\t\t\t\t\t<option value=\"Alacant\" data-code=\"03\">Alacant<\/option>\n\t\t\t\t\t\t\t\t\t<option value=\"Almeria\" data-code=\"04\">Almeria<\/option>\n\t\t\t\t\t\t\t\t\t<option value=\"\u00c0vila\" data-code=\"05\">\u00c0vila<\/option>\n\t\t\t\t\t\t\t\t\t<option value=\"Badajoz\" data-code=\"06\">Badajoz<\/option>\n\t\t\t\t\t\t\t\t\t<option value=\"Balears\" data-code=\"07\">Balears<\/option>\n\t\t\t\t\t\t\t\t\t<option value=\"Barcelona\" data-code=\"08\">Barcelona<\/option>\n\t\t\t\t\t\t\t\t\t<option value=\"Burgos\" data-code=\"09\">Burgos<\/option>\n\t\t\t\t\t\t\t\t\t<option value=\"C\u00e0ceres\" data-code=\"10\">C\u00e0ceres<\/option>\n\t\t\t\t\t\t\t\t\t<option value=\"Cadis\" data-code=\"11\">Cadis<\/option>\n\t\t\t\t\t\t\t\t\t<option value=\"Castell\u00f3\" data-code=\"12\">Castell\u00f3<\/option>\n\t\t\t\t\t\t\t\t\t<option value=\"Ciutat Real\" data-code=\"13\">Ciutat Real<\/option>\n\t\t\t\t\t\t\t\t\t<option value=\"C\u00f2rdova\" data-code=\"14\">C\u00f2rdova<\/option>\n\t\t\t\t\t\t\t\t\t<option value=\"La Corunya\" data-code=\"15\">La Corunya<\/option>\n\t\t\t\t\t\t\t\t\t<option value=\"Conca\" data-code=\"16\">Conca<\/option>\n\t\t\t\t\t\t\t\t\t<option value=\"Girona\" data-code=\"17\">Girona<\/option>\n\t\t\t\t\t\t\t\t\t<option value=\"Granada\" data-code=\"18\">Granada<\/option>\n\t\t\t\t\t\t\t\t\t<option value=\"Guadalajara\" data-code=\"19\">Guadalajara<\/option>\n\t\t\t\t\t\t\t\t\t<option value=\"Guip\u00fascoa\" data-code=\"20\">Guip\u00fascoa<\/option>\n\t\t\t\t\t\t\t\t\t<option value=\"Huelva\" data-code=\"21\">Huelva<\/option>\n\t\t\t\t\t\t\t\t\t<option value=\"Osca\" data-code=\"22\">Osca<\/option>\n\t\t\t\t\t\t\t\t\t<option value=\"Ja\u00e9n\" data-code=\"23\">Ja\u00e9n<\/option>\n\t\t\t\t\t\t\t\t\t<option value=\"Lle\u00f3\" data-code=\"24\">Lle\u00f3<\/option>\n\t\t\t\t\t\t\t\t\t<option value=\"Lleida\" data-code=\"25\">Lleida<\/option>\n\t\t\t\t\t\t\t\t\t<option value=\"La Rioja\" data-code=\"26\">La Rioja<\/option>\n\t\t\t\t\t\t\t\t\t<option value=\"Lugo\" data-code=\"27\">Lugo<\/option>\n\t\t\t\t\t\t\t\t\t<option value=\"Madrid\" data-code=\"28\">Madrid<\/option>\n\t\t\t\t\t\t\t\t\t<option value=\"M\u00e0laga\" data-code=\"29\">M\u00e0laga<\/option>\n\t\t\t\t\t\t\t\t\t<option value=\"M\u00farcia\" data-code=\"30\">M\u00farcia<\/option>\n\t\t\t\t\t\t\t\t\t<option value=\"Navarra\" data-code=\"31\">Navarra<\/option>\n\t\t\t\t\t\t\t\t\t<option value=\"Orense\" data-code=\"32\">Orense<\/option>\n\t\t\t\t\t\t\t\t\t<option value=\"Ast\u00faries\" data-code=\"33\">Ast\u00faries<\/option>\n\t\t\t\t\t\t\t\t\t<option value=\"Pal\u00e8ncia\" data-code=\"34\">Pal\u00e8ncia<\/option>\n\t\t\t\t\t\t\t\t\t<option value=\"Las Palmas\" data-code=\"35\">Las Palmas<\/option>\n\t\t\t\t\t\t\t\t\t<option value=\"Pontevedra\" data-code=\"36\">Pontevedra<\/option>\n\t\t\t\t\t\t\t\t\t<option value=\"Salamanca\" data-code=\"37\">Salamanca<\/option>\n\t\t\t\t\t\t\t\t\t<option value=\"Sta. Creu Tenerife \" data-code=\"38\">Sta. Creu Tenerife <\/option>\n\t\t\t\t\t\t\t\t\t<option value=\"Cant\u00e0bria\" data-code=\"39\">Cant\u00e0bria<\/option>\n\t\t\t\t\t\t\t\t\t<option value=\"Seg\u00f2via\" data-code=\"40\">Seg\u00f2via<\/option>\n\t\t\t\t\t\t\t\t\t<option value=\"Sevilla\" data-code=\"41\">Sevilla<\/option>\n\t\t\t\t\t\t\t\t\t<option value=\"Soria\" data-code=\"42\">Soria<\/option>\n\t\t\t\t\t\t\t\t\t<option value=\"Tarragona\" data-code=\"43\">Tarragona<\/option>\n\t\t\t\t\t\t\t\t\t<option value=\"Terol\" data-code=\"44\">Terol<\/option>\n\t\t\t\t\t\t\t\t\t<option value=\"Toledo\" data-code=\"45\">Toledo<\/option>\n\t\t\t\t\t\t\t\t\t<option value=\"Val\u00e8ncia\" data-code=\"46\">Val\u00e8ncia<\/option>\n\t\t\t\t\t\t\t\t\t<option value=\"Valladolid\" data-code=\"47\">Valladolid<\/option>\n\t\t\t\t\t\t\t\t\t<option value=\"Biscaia\" data-code=\"48\">Biscaia<\/option>\n\t\t\t\t\t\t\t\t\t<option value=\"Zamora\" data-code=\"49\">Zamora<\/option>\n\t\t\t\t\t\t\t\t\t<option value=\"Saragossa\" data-code=\"50\">Saragossa<\/option>\n\t\t\t\t\t\t\t\t\t<option value=\"Ceuta\" data-code=\"51\">Ceuta<\/option>\n\t\t\t\t\t\t\t\t\t<option value=\"Melilla\" data-code=\"52\">Melilla<\/option>\n\t\t\t\t\t\t\t\t\t<option value=\"Gipuzkoa\" data-code=\"53\">Gipuzkoa<\/option>\n\t\t\t\t\t\t\t\t\t<option value=\"M\u00e0rqueting\" data-code=\"98\">M\u00e0rqueting<\/option>\n\t\t\t\t\t\t\t\t\t<option value=\"C\u00e0rregues\" data-code=\"99\">C\u00e0rregues<\/option>\n\t\t\t\t\t\t\t<\/select>\n\t\t\t<input type=\"hidden\" name=\"Lead___StateCode\" id=\"Lead___StateCode\" value=\"\">\n\t\t<\/div>\n\t\t<div class=\"col-6 form-group px-1 px-md-3\">\n\t\t\t<label for=\"Lead___PostalCode\" class=\"sr-only\">Codi postal<\/label>\n\t\t\t<input type=\"text\" name=\"Lead___PostalCode\" class=\"form-control\" id=\"Lead___PostalCode\" placeholder=\"Codi postal\">\n\t\t<\/div>\n\t<\/div>\n\t<div class=\"row\">\n\t\t<div class=\"col-sm-12 form-check checkbox pl-4 ml-0 ml-md-3 pb-2 text-left\">\n\t\t\t<input type=\"checkbox\" name=\"legal\" value=\"1\" aria-invalid=\"false\" id=\"legal\" class=\"form-check-input\">\n\t\t\t<label for=\"legal\">\n\t\t\t\t<b>ENTENC I ACCEPTO<\/b> el tractament de les meves dades tal com es descriu anteriorment i s'explica amb m\u00e9s detall a la Pol\u00edtica de Privadesa.\t\t\t<\/label>\n\t\t<\/div>\n\t\t<div class=\"col-sm-12 form-check checkbox pl-4 ml-0 ml-md-3 pb-4 text-left\">\n\t\t\t<input type=\"checkbox\" name=\"informacion\" value=\"1\" aria-invalid=\"false\" id=\"informacion\" class=\"form-check-input\">\n\t\t\t<label for=\"informacion\"><b>AUTORITZO<\/b> l'enviament de comunicacions comercials\t\t\t<\/label>\n\t\t<\/div>\n\t\t<input id=\"Lead__Idioma\" type=\"hidden\" name=\"Idioma__c\" value=\"CA\" data-lang=\"CA\">\n\t\t<input type=\"hidden\" name=\"Language\" value=\"CA\">\n\t\t<input type=\"hidden\" name=\"Origin\" value=\"INTERNET: FORMULARIO WEB\">\n\t\t<input type=\"hidden\" name=\"URLWeb\" value=\"fain.es\">\n\t\t<input type=\"hidden\" name=\"Canal__c\" value=\"Web\">\n\t\t<input type=\"hidden\" name=\"Description\" value=\"\">\n\t\t<input type=\"hidden\" name=\"Subject\" value=\"Petici\u00f3n v\u00eda formulario web\">\n\t\t<input type=\"hidden\" name=\"Lead___Country\" value=\"Spain\" id=\"Lead___Country\">\n\t\t<input type=\"hidden\" name=\"Lead___CountryCode\" value=\"ES\" id=\"Lead___CountryCode\">\n\n\t\t<input type=\"hidden\" name=\"action\" value=\"formularioFAIN\" id=\"actionRecaptcha\">\n\t\t<input type=\"hidden\" name=\"token\" value=\"\" id=\"tokenRecaptchaFAIN\">\n\t\t<input type=\"hidden\"\n\t\t\tname=\"validacion\"\n\t\t\tvalue=\"\"\n\t\t\tid=\"validacionRecaptchaFAIN\"\n\t\t\tdata-mensaje=\"Lo sentimos, pero no hemos podido gestionar tu solicitud. Puedes llamarnos y solucionaremos tu consulta\">\n\t\t\t\t\t<input type=\"hidden\" name=\"CASO_OrigenCaso\" value=\"FORMULARIO WEB\">\n\t\t\t<input type=\"hidden\" name=\"CASO_Canal\" value=\"WEB\">\n\t\t\t<input type=\"hidden\" name=\"CASO_OrigenConocimiento\" value=\"FORMULARIO COMERCIAL\">\n\t\t\t<input type=\"hidden\" name=\"LEAD_CanalCandidato\" value=\"FORMULARIO WEB\">\n\t\t\t<input type=\"hidden\" name=\"LEAD_Canal\" value=\"WEB\">\n\t\t\t<input type=\"hidden\" name=\"LEAD_OrigenConocimiento\" value=\"FORMULARIO COMERCIAL\">\n\t\t\t\t<div class=\"col-sm-12 text-center mb-3\">\n\t\t\t<input id=\"btn-submit-form\" type=\"submit\" value=\"Enviar\" class=\"\">\n\t\t\t<button id=\"btn-enviando-form\" type=\"button\" class=\"btn btn-primary d-none\">\n\t\t\t\t<span class=\"spinner-border spinner-border-sm mr-1\" role=\"status\" aria-hidden=\"true\" style=\"width: 1.3rem;height: 1.3rem;\"><\/span>\n\t\t\t\tEnviant...\t\t\t<\/button>\n\t\t<\/div>\n\t<\/div>\n<\/form>\n<div class='container-fluid px-0'>\n\t<div class='row'>\n\t\t<div class=\"col-sm-12\">\n\t\t\t<p class=\"infoLegal checkbox m-0 text-left\">\n\t\t\t\t<b>Informaci\u00f3 b\u00e0sica en protecci\u00f3 de dades:<\/b> Conformi al RGPD i la LOPDGDD, FAIN ASCENSORES SA tractar\u00e0 les dades facilitades amb la finalitat de trucar-te amb la informaci\u00f3 que necessitis. Per obtenir m\u00e9s informaci\u00f3 sobre el tractament de les vostres dades i exercir els vostres drets, visiteu la nostra <a target=\"_blank\" href=\"https:\/\/fain.es\/ca\/politica-de-privadesa\/\">pol\u00edtica de privadesa<\/a> \t\t\t<\/p>\n\t\t<\/div>\n\t<\/div>\n<\/div>\n","protected":false},"excerpt":{"rendered":"<p>Despr\u00e9s de l&#8217; apagada del 28 d&#8217;abril passat , moltes persones no van poder entrar ni sortir dels seus garatges davant la impossibilitat d&#8217;obrir i tancar les portes mitjan\u00e7ant el comandament a dist\u00e0ncia. De la mateixa manera, molts professionals es van veure obligats a romandre a l&#8217;interior dels seus negocis fins que va tornar el [&hellip;]<\/p>\n","protected":false},"author":110141,"featured_media":38341,"parent":0,"menu_order":0,"template":"","class_list":["post-38415","blog_puertas","type-blog_puertas","status-publish","has-post-thumbnail","hentry"],"acf":[],"yoast_head":"<!-- This site is optimized with the Yoast SEO plugin v27.4 - https:\/\/yoast.com\/product\/yoast-seo-wordpress\/ -->\n<title>Com activar el mode manual de les portes autom\u00e0tiques en una situaci\u00f3 d&#039;emerg\u00e8ncia? - FAIN<\/title>\n<meta name=\"robots\" content=\"index, follow, max-snippet:-1, max-image-preview:large, max-video-preview:-1\" \/>\n<link rel=\"canonical\" href=\"https:\/\/fain.es\/ca\/puertas\/blog\/com-activar-el-mode-manual-de-les-portes-automatiques-en-una-situacio-demergencia\/\" \/>\n<meta property=\"og:locale\" content=\"ca_ES\" \/>\n<meta property=\"og:type\" content=\"article\" \/>\n<meta property=\"og:title\" content=\"Com activar el mode manual de les portes autom\u00e0tiques en una situaci\u00f3 d&#039;emerg\u00e8ncia? - FAIN\" \/>\n<meta property=\"og:description\" content=\"Despr\u00e9s de l&#8217; apagada del 28 d&#8217;abril passat , moltes persones no van poder entrar ni sortir dels seus garatges davant la impossibilitat d&#8217;obrir i tancar les portes mitjan\u00e7ant el comandament a dist\u00e0ncia. De la mateixa manera, molts professionals es van veure obligats a romandre a l&#8217;interior dels seus negocis fins que va tornar el [&hellip;]\" \/>\n<meta property=\"og:url\" content=\"https:\/\/fain.es\/ca\/puertas\/blog\/com-activar-el-mode-manual-de-les-portes-automatiques-en-una-situacio-demergencia\/\" \/>\n<meta property=\"og:site_name\" content=\"FAIN\" \/>\n<meta property=\"article:modified_time\" content=\"2025-12-11T08:26:25+00:00\" \/>\n<meta property=\"og:image\" content=\"https:\/\/fain.es\/wp-content\/uploads\/2023\/04\/Foto_Puerta-scaled.jpeg\" \/>\n\t<meta property=\"og:image:width\" content=\"2560\" \/>\n\t<meta property=\"og:image:height\" content=\"1443\" \/>\n\t<meta property=\"og:image:type\" content=\"image\/jpeg\" \/>\n<meta name=\"twitter:card\" content=\"summary_large_image\" \/>\n<meta name=\"twitter:label1\" content=\"Temps estimat de lectura\" \/>\n\t<meta name=\"twitter:data1\" content=\"4 minuts\" \/>\n<script type=\"application\/ld+json\" class=\"yoast-schema-graph\">{\"@context\":\"https:\\\/\\\/schema.org\",\"@graph\":[{\"@type\":\"WebPage\",\"@id\":\"https:\\\/\\\/fain.es\\\/ca\\\/puertas\\\/blog\\\/com-activar-el-mode-manual-de-les-portes-automatiques-en-una-situacio-demergencia\\\/\",\"url\":\"https:\\\/\\\/fain.es\\\/ca\\\/puertas\\\/blog\\\/com-activar-el-mode-manual-de-les-portes-automatiques-en-una-situacio-demergencia\\\/\",\"name\":\"Com activar el mode manual de les portes autom\u00e0tiques en una situaci\u00f3 d'emerg\u00e8ncia? - FAIN\",\"isPartOf\":{\"@id\":\"https:\\\/\\\/fain.es\\\/ca\\\/#website\"},\"primaryImageOfPage\":{\"@id\":\"https:\\\/\\\/fain.es\\\/ca\\\/puertas\\\/blog\\\/com-activar-el-mode-manual-de-les-portes-automatiques-en-una-situacio-demergencia\\\/#primaryimage\"},\"image\":{\"@id\":\"https:\\\/\\\/fain.es\\\/ca\\\/puertas\\\/blog\\\/com-activar-el-mode-manual-de-les-portes-automatiques-en-una-situacio-demergencia\\\/#primaryimage\"},\"thumbnailUrl\":\"https:\\\/\\\/fain.es\\\/wp-content\\\/uploads\\\/2023\\\/04\\\/Foto_Puerta-scaled.jpeg\",\"datePublished\":\"2025-12-11T08:25:58+00:00\",\"dateModified\":\"2025-12-11T08:26:25+00:00\",\"breadcrumb\":{\"@id\":\"https:\\\/\\\/fain.es\\\/ca\\\/puertas\\\/blog\\\/com-activar-el-mode-manual-de-les-portes-automatiques-en-una-situacio-demergencia\\\/#breadcrumb\"},\"inLanguage\":\"ca\",\"potentialAction\":[{\"@type\":\"ReadAction\",\"target\":[\"https:\\\/\\\/fain.es\\\/ca\\\/puertas\\\/blog\\\/com-activar-el-mode-manual-de-les-portes-automatiques-en-una-situacio-demergencia\\\/\"]}]},{\"@type\":\"ImageObject\",\"inLanguage\":\"ca\",\"@id\":\"https:\\\/\\\/fain.es\\\/ca\\\/puertas\\\/blog\\\/com-activar-el-mode-manual-de-les-portes-automatiques-en-una-situacio-demergencia\\\/#primaryimage\",\"url\":\"https:\\\/\\\/fain.es\\\/wp-content\\\/uploads\\\/2023\\\/04\\\/Foto_Puerta-scaled.jpeg\",\"contentUrl\":\"https:\\\/\\\/fain.es\\\/wp-content\\\/uploads\\\/2023\\\/04\\\/Foto_Puerta-scaled.jpeg\",\"width\":2560,\"height\":1443,\"caption\":\"Garage entrance with open sectional doors. 3d illustration\"},{\"@type\":\"BreadcrumbList\",\"@id\":\"https:\\\/\\\/fain.es\\\/ca\\\/puertas\\\/blog\\\/com-activar-el-mode-manual-de-les-portes-automatiques-en-una-situacio-demergencia\\\/#breadcrumb\",\"itemListElement\":[{\"@type\":\"ListItem\",\"position\":1,\"name\":\"Portada\",\"item\":\"https:\\\/\\\/fain.es\\\/ca\\\/fain-ascensors\\\/\"},{\"@type\":\"ListItem\",\"position\":2,\"name\":\"Com activar el mode manual de les portes autom\u00e0tiques en una situaci\u00f3 d&#8217;emerg\u00e8ncia?\"}]},{\"@type\":\"WebSite\",\"@id\":\"https:\\\/\\\/fain.es\\\/ca\\\/#website\",\"url\":\"https:\\\/\\\/fain.es\\\/ca\\\/\",\"name\":\"FAIN\",\"description\":\"\",\"potentialAction\":[{\"@type\":\"SearchAction\",\"target\":{\"@type\":\"EntryPoint\",\"urlTemplate\":\"https:\\\/\\\/fain.es\\\/ca\\\/?s={search_term_string}\"},\"query-input\":{\"@type\":\"PropertyValueSpecification\",\"valueRequired\":true,\"valueName\":\"search_term_string\"}}],\"inLanguage\":\"ca\"}]}<\/script>\n<!-- \/ Yoast SEO plugin. -->","yoast_head_json":{"title":"Com activar el mode manual de les portes autom\u00e0tiques en una situaci\u00f3 d'emerg\u00e8ncia? - FAIN","robots":{"index":"index","follow":"follow","max-snippet":"max-snippet:-1","max-image-preview":"max-image-preview:large","max-video-preview":"max-video-preview:-1"},"canonical":"https:\/\/fain.es\/ca\/puertas\/blog\/com-activar-el-mode-manual-de-les-portes-automatiques-en-una-situacio-demergencia\/","og_locale":"ca_ES","og_type":"article","og_title":"Com activar el mode manual de les portes autom\u00e0tiques en una situaci\u00f3 d'emerg\u00e8ncia? - FAIN","og_description":"Despr\u00e9s de l&#8217; apagada del 28 d&#8217;abril passat , moltes persones no van poder entrar ni sortir dels seus garatges davant la impossibilitat d&#8217;obrir i tancar les portes mitjan\u00e7ant el comandament a dist\u00e0ncia. De la mateixa manera, molts professionals es van veure obligats a romandre a l&#8217;interior dels seus negocis fins que va tornar el [&hellip;]","og_url":"https:\/\/fain.es\/ca\/puertas\/blog\/com-activar-el-mode-manual-de-les-portes-automatiques-en-una-situacio-demergencia\/","og_site_name":"FAIN","article_modified_time":"2025-12-11T08:26:25+00:00","og_image":[{"width":2560,"height":1443,"url":"https:\/\/fain.es\/wp-content\/uploads\/2023\/04\/Foto_Puerta-scaled.jpeg","type":"image\/jpeg"}],"twitter_card":"summary_large_image","twitter_misc":{"Temps estimat de lectura":"4 minuts"},"schema":{"@context":"https:\/\/schema.org","@graph":[{"@type":"WebPage","@id":"https:\/\/fain.es\/ca\/puertas\/blog\/com-activar-el-mode-manual-de-les-portes-automatiques-en-una-situacio-demergencia\/","url":"https:\/\/fain.es\/ca\/puertas\/blog\/com-activar-el-mode-manual-de-les-portes-automatiques-en-una-situacio-demergencia\/","name":"Com activar el mode manual de les portes autom\u00e0tiques en una situaci\u00f3 d'emerg\u00e8ncia? - FAIN","isPartOf":{"@id":"https:\/\/fain.es\/ca\/#website"},"primaryImageOfPage":{"@id":"https:\/\/fain.es\/ca\/puertas\/blog\/com-activar-el-mode-manual-de-les-portes-automatiques-en-una-situacio-demergencia\/#primaryimage"},"image":{"@id":"https:\/\/fain.es\/ca\/puertas\/blog\/com-activar-el-mode-manual-de-les-portes-automatiques-en-una-situacio-demergencia\/#primaryimage"},"thumbnailUrl":"https:\/\/fain.es\/wp-content\/uploads\/2023\/04\/Foto_Puerta-scaled.jpeg","datePublished":"2025-12-11T08:25:58+00:00","dateModified":"2025-12-11T08:26:25+00:00","breadcrumb":{"@id":"https:\/\/fain.es\/ca\/puertas\/blog\/com-activar-el-mode-manual-de-les-portes-automatiques-en-una-situacio-demergencia\/#breadcrumb"},"inLanguage":"ca","potentialAction":[{"@type":"ReadAction","target":["https:\/\/fain.es\/ca\/puertas\/blog\/com-activar-el-mode-manual-de-les-portes-automatiques-en-una-situacio-demergencia\/"]}]},{"@type":"ImageObject","inLanguage":"ca","@id":"https:\/\/fain.es\/ca\/puertas\/blog\/com-activar-el-mode-manual-de-les-portes-automatiques-en-una-situacio-demergencia\/#primaryimage","url":"https:\/\/fain.es\/wp-content\/uploads\/2023\/04\/Foto_Puerta-scaled.jpeg","contentUrl":"https:\/\/fain.es\/wp-content\/uploads\/2023\/04\/Foto_Puerta-scaled.jpeg","width":2560,"height":1443,"caption":"Garage entrance with open sectional doors. 3d illustration"},{"@type":"BreadcrumbList","@id":"https:\/\/fain.es\/ca\/puertas\/blog\/com-activar-el-mode-manual-de-les-portes-automatiques-en-una-situacio-demergencia\/#breadcrumb","itemListElement":[{"@type":"ListItem","position":1,"name":"Portada","item":"https:\/\/fain.es\/ca\/fain-ascensors\/"},{"@type":"ListItem","position":2,"name":"Com activar el mode manual de les portes autom\u00e0tiques en una situaci\u00f3 d&#8217;emerg\u00e8ncia?"}]},{"@type":"WebSite","@id":"https:\/\/fain.es\/ca\/#website","url":"https:\/\/fain.es\/ca\/","name":"FAIN","description":"","potentialAction":[{"@type":"SearchAction","target":{"@type":"EntryPoint","urlTemplate":"https:\/\/fain.es\/ca\/?s={search_term_string}"},"query-input":{"@type":"PropertyValueSpecification","valueRequired":true,"valueName":"search_term_string"}}],"inLanguage":"ca"}]}},"_links":{"self":[{"href":"https:\/\/fain.es\/ca\/wp-json\/wp\/v2\/blog_puertas\/38415","targetHints":{"allow":["GET"]}}],"collection":[{"href":"https:\/\/fain.es\/ca\/wp-json\/wp\/v2\/blog_puertas"}],"about":[{"href":"https:\/\/fain.es\/ca\/wp-json\/wp\/v2\/types\/blog_puertas"}],"author":[{"embeddable":true,"href":"https:\/\/fain.es\/ca\/wp-json\/wp\/v2\/users\/110141"}],"version-history":[{"count":2,"href":"https:\/\/fain.es\/ca\/wp-json\/wp\/v2\/blog_puertas\/38415\/revisions"}],"predecessor-version":[{"id":38425,"href":"https:\/\/fain.es\/ca\/wp-json\/wp\/v2\/blog_puertas\/38415\/revisions\/38425"}],"wp:featuredmedia":[{"embeddable":true,"href":"https:\/\/fain.es\/ca\/wp-json\/wp\/v2\/media\/38341"}],"wp:attachment":[{"href":"https:\/\/fain.es\/ca\/wp-json\/wp\/v2\/media?parent=38415"}],"curies":[{"name":"wp","href":"https:\/\/api.w.org\/{rel}","templated":true}]}}