{"id":38394,"date":"2025-12-11T09:25:51","date_gmt":"2025-12-11T08:25:51","guid":{"rendered":"https:\/\/fain.es\/puertas\/blog\/fain-portes-creix-despres-de-la-integracio-de-braluma\/"},"modified":"2025-12-11T09:25:54","modified_gmt":"2025-12-11T08:25:54","slug":"fain-portes-creix-despres-de-la-integracio-de-braluma","status":"publish","type":"blog_puertas","link":"https:\/\/fain.es\/ca\/puertas\/blog\/fain-portes-creix-despres-de-la-integracio-de-braluma\/","title":{"rendered":"FAIN Portes creix despr\u00e9s de la integraci\u00f3 de BRALUMA"},"content":{"rendered":"\n<p>Ens complau anunciar que Fain Puertas SL ha signat un acord per incorporar l&#8217;empresa BRALUMA Puertas Autom\u00e1ticas.<\/p>\n\n<p>Amb aquest acord, que es va fer efectiu el passat 1 d&#8217;abril del 2024, ja som <strong>45 empleats<\/strong> els que vam integrar la plantilla de Fain Puertas i vam sumar <strong>320 portes<\/strong> a la nostra cartera de manteniment.<\/p>\n\n<p>A m\u00e9s, dels clients de BRALUMA cal destacar-ne la <strong>fidelitat\u2026<\/strong> Alguns daten de fa m\u00e9s de 25 anys!<\/p>\n\n<h2 class=\"wp-block-heading\">El futur de treballadors i clients<\/h2>\n\n<p>Els constants canvis normatius i la cada vegada m\u00e9s exigent reglamentaci\u00f3 per a la seguretat de les portes autom\u00e0tiques han animat BRALUMA a fer aquest important pas amb el prop\u00f2sit d&#8217;oferir als seus clients de tota la vida <strong>el millor, m\u00e9s eficient i m\u00e9s segur servei del sector<\/strong> .<\/p>\n\n<p>Per aix\u00f2 a partir de l&#8217; <strong>1 d&#8217;abril del 2024<\/strong> tant el servei com la facturaci\u00f3 la farem des de Fain Puertas SL, mantenint les mateixes condicions contractades fins ara amb els clients i ampliant sense costos afegits l&#8217;horari de servei als caps de setmana i festius.<\/p>\n\n<p>Des de FAIN Puertas volem tranquil\u00b7litzar els qui fins ara eren empleats i clients de BRALUMA. Perqu\u00e8 el nostre prop\u00f2sit \u00e9s doble: <\/p>\n\n<ol class=\"wp-block-list\">\n<li><strong>Mantenir les feines dels seus TREBALLADORS<\/strong> , perqu\u00e8 els professionals de BRALUMA mereixen estabilitat, no incertesa.<\/li>\n<\/ol>\n\n<ol class=\"wp-block-list\" start=\"2\">\n<li><strong>Millorar el servei que oferien als seus CLIENTS<\/strong> , amb productes innovadors, atenci\u00f3 personalitzada les 24 hores o serveis digitals com el portal web per a clients (que permet la desc\u00e0rrega autom\u00e0tica d&#8217;informes de servei, comunicats de treball, factures, ofertes, etc.)<\/li>\n<\/ol>\n\n<p>Per tant, el Director General de FAIN Puertas SL, Carmelo Moreno, professional amb \u00e0mplia experi\u00e8ncia en el m\u00f3n de les portes autom\u00e0tiques, juntament amb l&#8217;actual estructura administrativa i operativa de BRALUMA, estaran al capdavant d&#8217;aquesta alian\u00e7a i lideraran <strong>un equip d&#8217;experts que es posar\u00e0 en contacte amb tots els clients en els propers mesos<\/strong> per explicar-los les diferents iniciatives que s&#8217;implementaran amb l&#8217;objectiu.<\/p>\n\n<p>A <a href=\"https:\/\/fain.es\/puertas\/home\/\" target=\"_blank\" rel=\"noreferrer noopener\">FAIN Puertas<\/a> estem orgullosos del nostre creixement constant i de la <strong>projecci\u00f3 de la nostra empresa<\/strong> . Fa poc vam celebrar la fita de les 5.000 unitats de manteniment. Per\u00f2 despr\u00e9s d&#8217;aquesta integraci\u00f3, sumada a les vendes corporatives, FAIN Puertas ja est\u00e0 per sobre de les <strong>7.300 unitats en cartera<\/strong> .  <\/p>\n\n<figure class=\"wp-block-image size-full\"><img loading=\"lazy\" decoding=\"async\" width=\"2560\" height=\"1810\" src=\"https:\/\/fain.es\/wp-content\/uploads\/2024\/04\/210928_Fain_Basculante-Residencial_HD-01-scaled.jpg\" alt=\"\" class=\"wp-image-30632\" srcset=\"https:\/\/fain.es\/wp-content\/uploads\/2024\/04\/210928_Fain_Basculante-Residencial_HD-01-scaled.jpg 2560w, https:\/\/fain.es\/wp-content\/uploads\/2024\/04\/210928_Fain_Basculante-Residencial_HD-01-768x543.jpg 768w, https:\/\/fain.es\/wp-content\/uploads\/2024\/04\/210928_Fain_Basculante-Residencial_HD-01-1536x1086.jpg 1536w, https:\/\/fain.es\/wp-content\/uploads\/2024\/04\/210928_Fain_Basculante-Residencial_HD-01-2048x1448.jpg 2048w\" sizes=\"auto, (max-width: 2560px) 100vw, 2560px\" \/><\/figure>\n\n<h2 class=\"wp-block-heading\">FAIN: una gran fam\u00edlia per a un gran projecte<\/h2>\n\n<p>Des de FAIN assumim aquesta nova aventura amb molta responsabilitat i comprom\u00eds, per\u00f2 sobretot amb la <strong>il\u00b7lusi\u00f3<\/strong> que ens caracteritza.<\/p>\n\n<p>Esperem que els professionals de BRALUMA s&#8217;enamorin del projecte i sentin que FAIN \u00e9s una gran empresa per treballar i <strong>un lloc que els permetr\u00e0 cr\u00e9ixer, tant a nivell personal com professional<\/strong> . Nosaltres, per descomptat, no deixarem de treballar perqu\u00e8 aix\u00f2 passi. <\/p>\n\n<p>La nostra no \u00e9s una empresa qualsevol. De fet, acabem de renovar la <a href=\"https:\/\/fain.es\/blog\/fain-ascensores-obtiene-certificacion-great-place-to-work-gptw\/\" target=\"_blank\" rel=\"noreferrer noopener\">Certificaci\u00f3 Great Place to Work (GPTW)<\/a> , un segell que atorga anualment la consultora Great Place to Work Spain, l\u00edder en la identificaci\u00f3 i la certificaci\u00f3 d&#8217;Excel\u00b7lents Llocs per Treballar, als millors ocupadors del m\u00f3n. <\/p>\n\n<p>Intentarem fer gala de tot aix\u00f2 perqu\u00e8 us sentiu com a casa.<\/p>\n\n<p><strong>Benvinguts, companys!<\/strong><\/p>\n","protected":false},"excerpt":{"rendered":"<p>Ens complau anunciar que Fain Puertas SL ha signat un acord per incorporar l&#8217;empresa BRALUMA Puertas Autom\u00e1ticas. Amb aquest acord, que es va fer efectiu el passat 1 d&#8217;abril del 2024, ja som 45 empleats els que vam integrar la plantilla de Fain Puertas i vam sumar 320 portes a la nostra cartera de manteniment. [&hellip;]<\/p>\n","protected":false},"author":110141,"featured_media":38398,"parent":0,"menu_order":0,"template":"","class_list":["post-38394","blog_puertas","type-blog_puertas","status-publish","has-post-thumbnail","hentry"],"acf":[],"yoast_head":"<!-- This site is optimized with the Yoast SEO plugin v27.4 - https:\/\/yoast.com\/product\/yoast-seo-wordpress\/ -->\n<title>FAIN Portes creix despr\u00e9s de la integraci\u00f3 de BRALUMA - FAIN<\/title>\n<meta name=\"robots\" content=\"index, follow, max-snippet:-1, max-image-preview:large, max-video-preview:-1\" \/>\n<link rel=\"canonical\" href=\"https:\/\/fain.es\/ca\/puertas\/blog\/fain-portes-creix-despres-de-la-integracio-de-braluma\/\" \/>\n<meta property=\"og:locale\" content=\"ca_ES\" \/>\n<meta property=\"og:type\" content=\"article\" \/>\n<meta property=\"og:title\" content=\"FAIN Portes creix despr\u00e9s de la integraci\u00f3 de BRALUMA - FAIN\" \/>\n<meta property=\"og:description\" content=\"Ens complau anunciar que Fain Puertas SL ha signat un acord per incorporar l&#8217;empresa BRALUMA Puertas Autom\u00e1ticas. Amb aquest acord, que es va fer efectiu el passat 1 d&#8217;abril del 2024, ja som 45 empleats els que vam integrar la plantilla de Fain Puertas i vam sumar 320 portes a la nostra cartera de manteniment. [&hellip;]\" \/>\n<meta property=\"og:url\" content=\"https:\/\/fain.es\/ca\/puertas\/blog\/fain-portes-creix-despres-de-la-integracio-de-braluma\/\" \/>\n<meta property=\"og:site_name\" content=\"FAIN\" \/>\n<meta property=\"article:modified_time\" content=\"2025-12-11T08:25:54+00:00\" \/>\n<meta property=\"og:image\" content=\"https:\/\/fain.es\/wp-content\/uploads\/2024\/04\/WhatsApp_Image_2023-12-20_at_11.10.38-1.jpeg\" \/>\n\t<meta property=\"og:image:width\" content=\"2048\" \/>\n\t<meta property=\"og:image:height\" content=\"1536\" \/>\n\t<meta property=\"og:image:type\" content=\"image\/jpeg\" \/>\n<meta name=\"twitter:card\" content=\"summary_large_image\" \/>\n<meta name=\"twitter:label1\" content=\"Temps estimat de lectura\" \/>\n\t<meta name=\"twitter:data1\" content=\"3 minuts\" \/>\n<script type=\"application\/ld+json\" class=\"yoast-schema-graph\">{\"@context\":\"https:\\\/\\\/schema.org\",\"@graph\":[{\"@type\":\"WebPage\",\"@id\":\"https:\\\/\\\/fain.es\\\/ca\\\/puertas\\\/blog\\\/fain-portes-creix-despres-de-la-integracio-de-braluma\\\/\",\"url\":\"https:\\\/\\\/fain.es\\\/ca\\\/puertas\\\/blog\\\/fain-portes-creix-despres-de-la-integracio-de-braluma\\\/\",\"name\":\"FAIN Portes creix despr\u00e9s de la integraci\u00f3 de BRALUMA - FAIN\",\"isPartOf\":{\"@id\":\"https:\\\/\\\/fain.es\\\/ca\\\/#website\"},\"primaryImageOfPage\":{\"@id\":\"https:\\\/\\\/fain.es\\\/ca\\\/puertas\\\/blog\\\/fain-portes-creix-despres-de-la-integracio-de-braluma\\\/#primaryimage\"},\"image\":{\"@id\":\"https:\\\/\\\/fain.es\\\/ca\\\/puertas\\\/blog\\\/fain-portes-creix-despres-de-la-integracio-de-braluma\\\/#primaryimage\"},\"thumbnailUrl\":\"https:\\\/\\\/fain.es\\\/wp-content\\\/uploads\\\/2024\\\/04\\\/WhatsApp_Image_2023-12-20_at_11.10.38-1.jpeg\",\"datePublished\":\"2025-12-11T08:25:51+00:00\",\"dateModified\":\"2025-12-11T08:25:54+00:00\",\"breadcrumb\":{\"@id\":\"https:\\\/\\\/fain.es\\\/ca\\\/puertas\\\/blog\\\/fain-portes-creix-despres-de-la-integracio-de-braluma\\\/#breadcrumb\"},\"inLanguage\":\"ca\",\"potentialAction\":[{\"@type\":\"ReadAction\",\"target\":[\"https:\\\/\\\/fain.es\\\/ca\\\/puertas\\\/blog\\\/fain-portes-creix-despres-de-la-integracio-de-braluma\\\/\"]}]},{\"@type\":\"ImageObject\",\"inLanguage\":\"ca\",\"@id\":\"https:\\\/\\\/fain.es\\\/ca\\\/puertas\\\/blog\\\/fain-portes-creix-despres-de-la-integracio-de-braluma\\\/#primaryimage\",\"url\":\"https:\\\/\\\/fain.es\\\/wp-content\\\/uploads\\\/2024\\\/04\\\/WhatsApp_Image_2023-12-20_at_11.10.38-1.jpeg\",\"contentUrl\":\"https:\\\/\\\/fain.es\\\/wp-content\\\/uploads\\\/2024\\\/04\\\/WhatsApp_Image_2023-12-20_at_11.10.38-1.jpeg\",\"width\":2048,\"height\":1536,\"caption\":\"Cuatro personas posan juntas frente a obras de arte y una escultura dentro de un espacio cerrado con elementos decorativos y educativos, sugiriendo un ambiente art\u00edstico o profesional.\"},{\"@type\":\"BreadcrumbList\",\"@id\":\"https:\\\/\\\/fain.es\\\/ca\\\/puertas\\\/blog\\\/fain-portes-creix-despres-de-la-integracio-de-braluma\\\/#breadcrumb\",\"itemListElement\":[{\"@type\":\"ListItem\",\"position\":1,\"name\":\"Portada\",\"item\":\"https:\\\/\\\/fain.es\\\/ca\\\/fain-ascensors\\\/\"},{\"@type\":\"ListItem\",\"position\":2,\"name\":\"FAIN Portes creix despr\u00e9s de la integraci\u00f3 de BRALUMA\"}]},{\"@type\":\"WebSite\",\"@id\":\"https:\\\/\\\/fain.es\\\/ca\\\/#website\",\"url\":\"https:\\\/\\\/fain.es\\\/ca\\\/\",\"name\":\"FAIN\",\"description\":\"\",\"potentialAction\":[{\"@type\":\"SearchAction\",\"target\":{\"@type\":\"EntryPoint\",\"urlTemplate\":\"https:\\\/\\\/fain.es\\\/ca\\\/?s={search_term_string}\"},\"query-input\":{\"@type\":\"PropertyValueSpecification\",\"valueRequired\":true,\"valueName\":\"search_term_string\"}}],\"inLanguage\":\"ca\"}]}<\/script>\n<!-- \/ Yoast SEO plugin. -->","yoast_head_json":{"title":"FAIN Portes creix despr\u00e9s de la integraci\u00f3 de BRALUMA - FAIN","robots":{"index":"index","follow":"follow","max-snippet":"max-snippet:-1","max-image-preview":"max-image-preview:large","max-video-preview":"max-video-preview:-1"},"canonical":"https:\/\/fain.es\/ca\/puertas\/blog\/fain-portes-creix-despres-de-la-integracio-de-braluma\/","og_locale":"ca_ES","og_type":"article","og_title":"FAIN Portes creix despr\u00e9s de la integraci\u00f3 de BRALUMA - FAIN","og_description":"Ens complau anunciar que Fain Puertas SL ha signat un acord per incorporar l&#8217;empresa BRALUMA Puertas Autom\u00e1ticas. Amb aquest acord, que es va fer efectiu el passat 1 d&#8217;abril del 2024, ja som 45 empleats els que vam integrar la plantilla de Fain Puertas i vam sumar 320 portes a la nostra cartera de manteniment. [&hellip;]","og_url":"https:\/\/fain.es\/ca\/puertas\/blog\/fain-portes-creix-despres-de-la-integracio-de-braluma\/","og_site_name":"FAIN","article_modified_time":"2025-12-11T08:25:54+00:00","og_image":[{"width":2048,"height":1536,"url":"https:\/\/fain.es\/wp-content\/uploads\/2024\/04\/WhatsApp_Image_2023-12-20_at_11.10.38-1.jpeg","type":"image\/jpeg"}],"twitter_card":"summary_large_image","twitter_misc":{"Temps estimat de lectura":"3 minuts"},"schema":{"@context":"https:\/\/schema.org","@graph":[{"@type":"WebPage","@id":"https:\/\/fain.es\/ca\/puertas\/blog\/fain-portes-creix-despres-de-la-integracio-de-braluma\/","url":"https:\/\/fain.es\/ca\/puertas\/blog\/fain-portes-creix-despres-de-la-integracio-de-braluma\/","name":"FAIN Portes creix despr\u00e9s de la integraci\u00f3 de BRALUMA - FAIN","isPartOf":{"@id":"https:\/\/fain.es\/ca\/#website"},"primaryImageOfPage":{"@id":"https:\/\/fain.es\/ca\/puertas\/blog\/fain-portes-creix-despres-de-la-integracio-de-braluma\/#primaryimage"},"image":{"@id":"https:\/\/fain.es\/ca\/puertas\/blog\/fain-portes-creix-despres-de-la-integracio-de-braluma\/#primaryimage"},"thumbnailUrl":"https:\/\/fain.es\/wp-content\/uploads\/2024\/04\/WhatsApp_Image_2023-12-20_at_11.10.38-1.jpeg","datePublished":"2025-12-11T08:25:51+00:00","dateModified":"2025-12-11T08:25:54+00:00","breadcrumb":{"@id":"https:\/\/fain.es\/ca\/puertas\/blog\/fain-portes-creix-despres-de-la-integracio-de-braluma\/#breadcrumb"},"inLanguage":"ca","potentialAction":[{"@type":"ReadAction","target":["https:\/\/fain.es\/ca\/puertas\/blog\/fain-portes-creix-despres-de-la-integracio-de-braluma\/"]}]},{"@type":"ImageObject","inLanguage":"ca","@id":"https:\/\/fain.es\/ca\/puertas\/blog\/fain-portes-creix-despres-de-la-integracio-de-braluma\/#primaryimage","url":"https:\/\/fain.es\/wp-content\/uploads\/2024\/04\/WhatsApp_Image_2023-12-20_at_11.10.38-1.jpeg","contentUrl":"https:\/\/fain.es\/wp-content\/uploads\/2024\/04\/WhatsApp_Image_2023-12-20_at_11.10.38-1.jpeg","width":2048,"height":1536,"caption":"Cuatro personas posan juntas frente a obras de arte y una escultura dentro de un espacio cerrado con elementos decorativos y educativos, sugiriendo un ambiente art\u00edstico o profesional."},{"@type":"BreadcrumbList","@id":"https:\/\/fain.es\/ca\/puertas\/blog\/fain-portes-creix-despres-de-la-integracio-de-braluma\/#breadcrumb","itemListElement":[{"@type":"ListItem","position":1,"name":"Portada","item":"https:\/\/fain.es\/ca\/fain-ascensors\/"},{"@type":"ListItem","position":2,"name":"FAIN Portes creix despr\u00e9s de la integraci\u00f3 de BRALUMA"}]},{"@type":"WebSite","@id":"https:\/\/fain.es\/ca\/#website","url":"https:\/\/fain.es\/ca\/","name":"FAIN","description":"","potentialAction":[{"@type":"SearchAction","target":{"@type":"EntryPoint","urlTemplate":"https:\/\/fain.es\/ca\/?s={search_term_string}"},"query-input":{"@type":"PropertyValueSpecification","valueRequired":true,"valueName":"search_term_string"}}],"inLanguage":"ca"}]}},"_links":{"self":[{"href":"https:\/\/fain.es\/ca\/wp-json\/wp\/v2\/blog_puertas\/38394","targetHints":{"allow":["GET"]}}],"collection":[{"href":"https:\/\/fain.es\/ca\/wp-json\/wp\/v2\/blog_puertas"}],"about":[{"href":"https:\/\/fain.es\/ca\/wp-json\/wp\/v2\/types\/blog_puertas"}],"author":[{"embeddable":true,"href":"https:\/\/fain.es\/ca\/wp-json\/wp\/v2\/users\/110141"}],"version-history":[{"count":2,"href":"https:\/\/fain.es\/ca\/wp-json\/wp\/v2\/blog_puertas\/38394\/revisions"}],"predecessor-version":[{"id":38402,"href":"https:\/\/fain.es\/ca\/wp-json\/wp\/v2\/blog_puertas\/38394\/revisions\/38402"}],"wp:featuredmedia":[{"embeddable":true,"href":"https:\/\/fain.es\/ca\/wp-json\/wp\/v2\/media\/38398"}],"wp:attachment":[{"href":"https:\/\/fain.es\/ca\/wp-json\/wp\/v2\/media?parent=38394"}],"curies":[{"name":"wp","href":"https:\/\/api.w.org\/{rel}","templated":true}]}}