{"id":38382,"date":"2025-12-11T09:25:49","date_gmt":"2025-12-11T08:25:49","guid":{"rendered":"https:\/\/fain.es\/puertas\/blog\/lexit-de-fain-puertas-a-les-pagines-dactualitat-economica\/"},"modified":"2025-12-11T09:25:54","modified_gmt":"2025-12-11T08:25:54","slug":"lexit-de-fain-puertas-a-les-pagines-dactualitat-economica","status":"publish","type":"blog_puertas","link":"https:\/\/fain.es\/ca\/puertas\/blog\/lexit-de-fain-puertas-a-les-pagines-dactualitat-economica\/","title":{"rendered":"L&#8217;\u00e8xit de FAIN Puertas, a les p\u00e0gines d&#8217;Actualitat Econ\u00f2mica"},"content":{"rendered":"\n<p>El diumenge 4 de febrer del 2024 la revista Actualitat Econ\u00f2mica, del Grup Unitat Editorial, va dedicar a FAIN Puertas un <strong>reportatge a doble cara<\/strong> en la seva edici\u00f3 en paper, amb una foto de Rafael Fern\u00e1ndez i Carmelo Moreno a primera plana.<\/p>\n\n<p>Al llarg d&#8217;aquest reportatge, que tamb\u00e9 es va publicar a la <a href=\"https:\/\/www.elmundo.es\/economia\/empresas\/2024\/02\/06\/65ba6985e4d4d8444a8b45c4.html\" target=\"_blank\" rel=\"noreferrer noopener\">web<\/a> , intentem explicar:<\/p>\n\n<ul class=\"wp-block-list\">\n<li>Que FAIN va n\u00e9ixer com una <strong>empresa familiar<\/strong> i s&#8217;ha anat expandint (nacionalment i internacionalment) i professionalitzant gr\u00e0cies a un c\u00famul de decisions encertades.<\/li>\n\n\n\n<li>Que el 2021 es va decidir obrir <strong>una nova l\u00ednia de negoci<\/strong> al Grup FAIN enfocada a les portes autom\u00e0tiques industrials, comercials i de garatge.<\/li>\n\n\n\n<li>Com Carmelo, Director General de FAIN Portes, va aprendre l&#8217;ofici del seu pare.<\/li>\n\n\n\n<li>Com <strong>aquest negoci s&#8217;ha multiplicat<\/strong> per 6 en tan sols 2 anys.<\/li>\n\n\n\n<li>La import\u00e0ncia (i l&#8217;obligaci\u00f3) de fer <strong>revisions anuals<\/strong> a les portes.<\/li>\n<\/ul>\n\n<p>Tot i que hi hagi alguna imprecisi\u00f3 en el reportatge, aquesta publicaci\u00f3 ha complert \u00e0mpliament el seu objectiu: donar a con\u00e8ixer aquesta l\u00ednia de negoci al gran p\u00fablic i refor\u00e7ar la nostra imatge com a Grup. N&#8217;estem orgullosos! <\/p>\n\n<p>Per als que us vau perdre la publicaci\u00f3, la reprodu\u00efm a continuaci\u00f3:<\/p>\n\n<figure class=\"wp-block-image size-full\"><img loading=\"lazy\" decoding=\"async\" width=\"1654\" height=\"2134\" src=\"https:\/\/fain.es\/wp-content\/uploads\/2024\/03\/ACTUALIDAD_ECONOMICA_-_EL_MUNDO_4-2-24_FAIN_1.jpeg\" alt=\"\" class=\"wp-image-30188\" srcset=\"https:\/\/fain.es\/wp-content\/uploads\/2024\/03\/ACTUALIDAD_ECONOMICA_-_EL_MUNDO_4-2-24_FAIN_1.jpeg 1654w, https:\/\/fain.es\/wp-content\/uploads\/2024\/03\/ACTUALIDAD_ECONOMICA_-_EL_MUNDO_4-2-24_FAIN_1-768x991.jpeg 768w, https:\/\/fain.es\/wp-content\/uploads\/2024\/03\/ACTUALIDAD_ECONOMICA_-_EL_MUNDO_4-2-24_FAIN_1-1191x1536.jpeg 1191w, https:\/\/fain.es\/wp-content\/uploads\/2024\/03\/ACTUALIDAD_ECONOMICA_-_EL_MUNDO_4-2-24_FAIN_1-1587x2048.jpeg 1587w\" sizes=\"auto, (max-width: 1654px) 100vw, 1654px\" \/><\/figure>\n\n<figure class=\"wp-block-image size-full\"><img loading=\"lazy\" decoding=\"async\" width=\"1654\" height=\"2134\" src=\"https:\/\/fain.es\/wp-content\/uploads\/2024\/03\/ACTUALIDAD_ECONOMICA_-_EL_MUNDO_4-2-24_FAIN_2.jpeg\" alt=\"\" class=\"wp-image-30190\" srcset=\"https:\/\/fain.es\/wp-content\/uploads\/2024\/03\/ACTUALIDAD_ECONOMICA_-_EL_MUNDO_4-2-24_FAIN_2.jpeg 1654w, https:\/\/fain.es\/wp-content\/uploads\/2024\/03\/ACTUALIDAD_ECONOMICA_-_EL_MUNDO_4-2-24_FAIN_2-768x991.jpeg 768w, https:\/\/fain.es\/wp-content\/uploads\/2024\/03\/ACTUALIDAD_ECONOMICA_-_EL_MUNDO_4-2-24_FAIN_2-1191x1536.jpeg 1191w, https:\/\/fain.es\/wp-content\/uploads\/2024\/03\/ACTUALIDAD_ECONOMICA_-_EL_MUNDO_4-2-24_FAIN_2-1587x2048.jpeg 1587w\" sizes=\"auto, (max-width: 1654px) 100vw, 1654px\" \/><\/figure>\n\n<h2 class=\"wp-block-heading\">Altres aparicions a la premsa<\/h2>\n\n<p>Recentment hem aparegut tamb\u00e9 a les p\u00e0gines d&#8217;Expansi\u00f3 o <a href=\"https:\/\/www.abc.es\/economia\/accesibilidad-ahorro-energetico-impulsan-mercado-puertas-automaticas-20240120200138-nt.html\" target=\"_blank\" rel=\"noreferrer noopener\">ABC<\/a> , que han optat per entrevistar Carmelo Moreno, Director General de FAIN Portes.  <\/p>\n\n<p>Si us interessa seguir atents a totes les nostres <strong>aparicions en mitjans de comunicaci\u00f3<\/strong> , en <a href=\"https:\/\/fain.es\/quienes-somos\/prensa\/\" target=\"_blank\" rel=\"noreferrer noopener\">aquesta secci\u00f3<\/a> incloem les m\u00e9s destacades.<\/p>\n\n<p><strong>Clients<\/strong> com el WiZink Center, Burger King, ITV, JCDecaux o la cadena hotelera NH ja confien en nosaltres per a la instal\u00b7laci\u00f3 i el manteniment de les portes autom\u00e0tiques.<\/p>\n\n<p><strong>Ser\u00e0s tu el proper?<\/strong><\/p>\n","protected":false},"excerpt":{"rendered":"<p>El diumenge 4 de febrer del 2024 la revista Actualitat Econ\u00f2mica, del Grup Unitat Editorial, va dedicar a FAIN Puertas un reportatge a doble cara en la seva edici\u00f3 en paper, amb una foto de Rafael Fern\u00e1ndez i Carmelo Moreno a primera plana. Al llarg d&#8217;aquest reportatge, que tamb\u00e9 es va publicar a la web [&hellip;]<\/p>\n","protected":false},"author":110141,"featured_media":38388,"parent":0,"menu_order":0,"template":"","class_list":["post-38382","blog_puertas","type-blog_puertas","status-publish","has-post-thumbnail","hentry"],"acf":[],"yoast_head":"<!-- This site is optimized with the Yoast SEO plugin v27.4 - https:\/\/yoast.com\/product\/yoast-seo-wordpress\/ -->\n<title>L&#039;\u00e8xit de FAIN Puertas, a les p\u00e0gines d&#039;Actualitat Econ\u00f2mica - FAIN<\/title>\n<meta name=\"robots\" content=\"index, follow, max-snippet:-1, max-image-preview:large, max-video-preview:-1\" \/>\n<link rel=\"canonical\" href=\"https:\/\/fain.es\/ca\/puertas\/blog\/lexit-de-fain-puertas-a-les-pagines-dactualitat-economica\/\" \/>\n<meta property=\"og:locale\" content=\"ca_ES\" \/>\n<meta property=\"og:type\" content=\"article\" \/>\n<meta property=\"og:title\" content=\"L&#039;\u00e8xit de FAIN Puertas, a les p\u00e0gines d&#039;Actualitat Econ\u00f2mica - FAIN\" \/>\n<meta property=\"og:description\" content=\"El diumenge 4 de febrer del 2024 la revista Actualitat Econ\u00f2mica, del Grup Unitat Editorial, va dedicar a FAIN Puertas un reportatge a doble cara en la seva edici\u00f3 en paper, amb una foto de Rafael Fern\u00e1ndez i Carmelo Moreno a primera plana. Al llarg d&#8217;aquest reportatge, que tamb\u00e9 es va publicar a la web [&hellip;]\" \/>\n<meta property=\"og:url\" content=\"https:\/\/fain.es\/ca\/puertas\/blog\/lexit-de-fain-puertas-a-les-pagines-dactualitat-economica\/\" \/>\n<meta property=\"og:site_name\" content=\"FAIN\" \/>\n<meta property=\"article:modified_time\" content=\"2025-12-11T08:25:54+00:00\" \/>\n<meta property=\"og:image\" content=\"https:\/\/fain.es\/wp-content\/uploads\/2024\/03\/DSC0134-Edit-copia-1-1-scaled.jpg\" \/>\n\t<meta property=\"og:image:width\" content=\"2560\" \/>\n\t<meta property=\"og:image:height\" content=\"1714\" \/>\n\t<meta property=\"og:image:type\" content=\"image\/jpeg\" \/>\n<meta name=\"twitter:card\" content=\"summary_large_image\" \/>\n<meta name=\"twitter:label1\" content=\"Temps estimat de lectura\" \/>\n\t<meta name=\"twitter:data1\" content=\"1 minut\" \/>\n<script type=\"application\/ld+json\" class=\"yoast-schema-graph\">{\"@context\":\"https:\\\/\\\/schema.org\",\"@graph\":[{\"@type\":\"WebPage\",\"@id\":\"https:\\\/\\\/fain.es\\\/ca\\\/puertas\\\/blog\\\/lexit-de-fain-puertas-a-les-pagines-dactualitat-economica\\\/\",\"url\":\"https:\\\/\\\/fain.es\\\/ca\\\/puertas\\\/blog\\\/lexit-de-fain-puertas-a-les-pagines-dactualitat-economica\\\/\",\"name\":\"L'\u00e8xit de FAIN Puertas, a les p\u00e0gines d'Actualitat Econ\u00f2mica - FAIN\",\"isPartOf\":{\"@id\":\"https:\\\/\\\/fain.es\\\/ca\\\/#website\"},\"primaryImageOfPage\":{\"@id\":\"https:\\\/\\\/fain.es\\\/ca\\\/puertas\\\/blog\\\/lexit-de-fain-puertas-a-les-pagines-dactualitat-economica\\\/#primaryimage\"},\"image\":{\"@id\":\"https:\\\/\\\/fain.es\\\/ca\\\/puertas\\\/blog\\\/lexit-de-fain-puertas-a-les-pagines-dactualitat-economica\\\/#primaryimage\"},\"thumbnailUrl\":\"https:\\\/\\\/fain.es\\\/wp-content\\\/uploads\\\/2024\\\/03\\\/DSC0134-Edit-copia-1-1-scaled.jpg\",\"datePublished\":\"2025-12-11T08:25:49+00:00\",\"dateModified\":\"2025-12-11T08:25:54+00:00\",\"breadcrumb\":{\"@id\":\"https:\\\/\\\/fain.es\\\/ca\\\/puertas\\\/blog\\\/lexit-de-fain-puertas-a-les-pagines-dactualitat-economica\\\/#breadcrumb\"},\"inLanguage\":\"ca\",\"potentialAction\":[{\"@type\":\"ReadAction\",\"target\":[\"https:\\\/\\\/fain.es\\\/ca\\\/puertas\\\/blog\\\/lexit-de-fain-puertas-a-les-pagines-dactualitat-economica\\\/\"]}]},{\"@type\":\"ImageObject\",\"inLanguage\":\"ca\",\"@id\":\"https:\\\/\\\/fain.es\\\/ca\\\/puertas\\\/blog\\\/lexit-de-fain-puertas-a-les-pagines-dactualitat-economica\\\/#primaryimage\",\"url\":\"https:\\\/\\\/fain.es\\\/wp-content\\\/uploads\\\/2024\\\/03\\\/DSC0134-Edit-copia-1-1-scaled.jpg\",\"contentUrl\":\"https:\\\/\\\/fain.es\\\/wp-content\\\/uploads\\\/2024\\\/03\\\/DSC0134-Edit-copia-1-1-scaled.jpg\",\"width\":2560,\"height\":1714,\"caption\":\"Dos individuos con atuendo formal se presentan en un espacio que parece estar vinculado a un entorno empresarial, destac\u00e1ndose un cartel con las iniciales \u201cA\u201d y \u201cL\u201d junto a una escalera mec\u00e1nica de fondo.\"},{\"@type\":\"BreadcrumbList\",\"@id\":\"https:\\\/\\\/fain.es\\\/ca\\\/puertas\\\/blog\\\/lexit-de-fain-puertas-a-les-pagines-dactualitat-economica\\\/#breadcrumb\",\"itemListElement\":[{\"@type\":\"ListItem\",\"position\":1,\"name\":\"Portada\",\"item\":\"https:\\\/\\\/fain.es\\\/ca\\\/fain-ascensors\\\/\"},{\"@type\":\"ListItem\",\"position\":2,\"name\":\"L&#8217;\u00e8xit de FAIN Puertas, a les p\u00e0gines d&#8217;Actualitat Econ\u00f2mica\"}]},{\"@type\":\"WebSite\",\"@id\":\"https:\\\/\\\/fain.es\\\/ca\\\/#website\",\"url\":\"https:\\\/\\\/fain.es\\\/ca\\\/\",\"name\":\"FAIN\",\"description\":\"\",\"potentialAction\":[{\"@type\":\"SearchAction\",\"target\":{\"@type\":\"EntryPoint\",\"urlTemplate\":\"https:\\\/\\\/fain.es\\\/ca\\\/?s={search_term_string}\"},\"query-input\":{\"@type\":\"PropertyValueSpecification\",\"valueRequired\":true,\"valueName\":\"search_term_string\"}}],\"inLanguage\":\"ca\"}]}<\/script>\n<!-- \/ Yoast SEO plugin. -->","yoast_head_json":{"title":"L'\u00e8xit de FAIN Puertas, a les p\u00e0gines d'Actualitat Econ\u00f2mica - FAIN","robots":{"index":"index","follow":"follow","max-snippet":"max-snippet:-1","max-image-preview":"max-image-preview:large","max-video-preview":"max-video-preview:-1"},"canonical":"https:\/\/fain.es\/ca\/puertas\/blog\/lexit-de-fain-puertas-a-les-pagines-dactualitat-economica\/","og_locale":"ca_ES","og_type":"article","og_title":"L'\u00e8xit de FAIN Puertas, a les p\u00e0gines d'Actualitat Econ\u00f2mica - FAIN","og_description":"El diumenge 4 de febrer del 2024 la revista Actualitat Econ\u00f2mica, del Grup Unitat Editorial, va dedicar a FAIN Puertas un reportatge a doble cara en la seva edici\u00f3 en paper, amb una foto de Rafael Fern\u00e1ndez i Carmelo Moreno a primera plana. Al llarg d&#8217;aquest reportatge, que tamb\u00e9 es va publicar a la web [&hellip;]","og_url":"https:\/\/fain.es\/ca\/puertas\/blog\/lexit-de-fain-puertas-a-les-pagines-dactualitat-economica\/","og_site_name":"FAIN","article_modified_time":"2025-12-11T08:25:54+00:00","og_image":[{"width":2560,"height":1714,"url":"https:\/\/fain.es\/wp-content\/uploads\/2024\/03\/DSC0134-Edit-copia-1-1-scaled.jpg","type":"image\/jpeg"}],"twitter_card":"summary_large_image","twitter_misc":{"Temps estimat de lectura":"1 minut"},"schema":{"@context":"https:\/\/schema.org","@graph":[{"@type":"WebPage","@id":"https:\/\/fain.es\/ca\/puertas\/blog\/lexit-de-fain-puertas-a-les-pagines-dactualitat-economica\/","url":"https:\/\/fain.es\/ca\/puertas\/blog\/lexit-de-fain-puertas-a-les-pagines-dactualitat-economica\/","name":"L'\u00e8xit de FAIN Puertas, a les p\u00e0gines d'Actualitat Econ\u00f2mica - FAIN","isPartOf":{"@id":"https:\/\/fain.es\/ca\/#website"},"primaryImageOfPage":{"@id":"https:\/\/fain.es\/ca\/puertas\/blog\/lexit-de-fain-puertas-a-les-pagines-dactualitat-economica\/#primaryimage"},"image":{"@id":"https:\/\/fain.es\/ca\/puertas\/blog\/lexit-de-fain-puertas-a-les-pagines-dactualitat-economica\/#primaryimage"},"thumbnailUrl":"https:\/\/fain.es\/wp-content\/uploads\/2024\/03\/DSC0134-Edit-copia-1-1-scaled.jpg","datePublished":"2025-12-11T08:25:49+00:00","dateModified":"2025-12-11T08:25:54+00:00","breadcrumb":{"@id":"https:\/\/fain.es\/ca\/puertas\/blog\/lexit-de-fain-puertas-a-les-pagines-dactualitat-economica\/#breadcrumb"},"inLanguage":"ca","potentialAction":[{"@type":"ReadAction","target":["https:\/\/fain.es\/ca\/puertas\/blog\/lexit-de-fain-puertas-a-les-pagines-dactualitat-economica\/"]}]},{"@type":"ImageObject","inLanguage":"ca","@id":"https:\/\/fain.es\/ca\/puertas\/blog\/lexit-de-fain-puertas-a-les-pagines-dactualitat-economica\/#primaryimage","url":"https:\/\/fain.es\/wp-content\/uploads\/2024\/03\/DSC0134-Edit-copia-1-1-scaled.jpg","contentUrl":"https:\/\/fain.es\/wp-content\/uploads\/2024\/03\/DSC0134-Edit-copia-1-1-scaled.jpg","width":2560,"height":1714,"caption":"Dos individuos con atuendo formal se presentan en un espacio que parece estar vinculado a un entorno empresarial, destac\u00e1ndose un cartel con las iniciales \u201cA\u201d y \u201cL\u201d junto a una escalera mec\u00e1nica de fondo."},{"@type":"BreadcrumbList","@id":"https:\/\/fain.es\/ca\/puertas\/blog\/lexit-de-fain-puertas-a-les-pagines-dactualitat-economica\/#breadcrumb","itemListElement":[{"@type":"ListItem","position":1,"name":"Portada","item":"https:\/\/fain.es\/ca\/fain-ascensors\/"},{"@type":"ListItem","position":2,"name":"L&#8217;\u00e8xit de FAIN Puertas, a les p\u00e0gines d&#8217;Actualitat Econ\u00f2mica"}]},{"@type":"WebSite","@id":"https:\/\/fain.es\/ca\/#website","url":"https:\/\/fain.es\/ca\/","name":"FAIN","description":"","potentialAction":[{"@type":"SearchAction","target":{"@type":"EntryPoint","urlTemplate":"https:\/\/fain.es\/ca\/?s={search_term_string}"},"query-input":{"@type":"PropertyValueSpecification","valueRequired":true,"valueName":"search_term_string"}}],"inLanguage":"ca"}]}},"_links":{"self":[{"href":"https:\/\/fain.es\/ca\/wp-json\/wp\/v2\/blog_puertas\/38382","targetHints":{"allow":["GET"]}}],"collection":[{"href":"https:\/\/fain.es\/ca\/wp-json\/wp\/v2\/blog_puertas"}],"about":[{"href":"https:\/\/fain.es\/ca\/wp-json\/wp\/v2\/types\/blog_puertas"}],"author":[{"embeddable":true,"href":"https:\/\/fain.es\/ca\/wp-json\/wp\/v2\/users\/110141"}],"version-history":[{"count":2,"href":"https:\/\/fain.es\/ca\/wp-json\/wp\/v2\/blog_puertas\/38382\/revisions"}],"predecessor-version":[{"id":38392,"href":"https:\/\/fain.es\/ca\/wp-json\/wp\/v2\/blog_puertas\/38382\/revisions\/38392"}],"wp:featuredmedia":[{"embeddable":true,"href":"https:\/\/fain.es\/ca\/wp-json\/wp\/v2\/media\/38388"}],"wp:attachment":[{"href":"https:\/\/fain.es\/ca\/wp-json\/wp\/v2\/media?parent=38382"}],"curies":[{"name":"wp","href":"https:\/\/api.w.org\/{rel}","templated":true}]}}