{"id":38370,"date":"2025-12-11T09:25:48","date_gmt":"2025-12-11T08:25:48","guid":{"rendered":"https:\/\/fain.es\/puertas\/blog\/5-consells-per-reduir-el-consum-de-la-teva-porta-de-garatge\/"},"modified":"2025-12-11T09:25:53","modified_gmt":"2025-12-11T08:25:53","slug":"5-consells-per-reduir-el-consum-de-la-teva-porta-de-garatge","status":"publish","type":"blog_puertas","link":"https:\/\/fain.es\/ca\/puertas\/blog\/5-consells-per-reduir-el-consum-de-la-teva-porta-de-garatge\/","title":{"rendered":"5 consells per reduir el consum de la teva porta de garatge"},"content":{"rendered":"\n<p>A FAIN treballem cada dia per ser la millor empresa de serveis i tenim molt identificada la nostra <strong>responsabilitat social<\/strong> . El respecte a l&#8217;entorn \u00e9s un dels pilars fonamentals de la nostra filosofia. Per aix\u00f2, fem un gran esfor\u00e7 per treballar alineats amb els <strong>Objectius de Desenvolupament Sostenible (ODS)<\/strong> de l&#8217;Agenda 2030, i aconseguir que l&#8217;impacte ambiental de la nostra activitat sigui el m\u00e9s petit possible.  <\/p>\n\n<p>En aquesta l\u00ednia, avui volem donar-te alguns consells per <strong>reduir el consum energ\u00e8tic de les portes autom\u00e0tiques<\/strong> (i, alhora, estalviar a la factura el\u00e8ctrica).<\/p>\n\n<p>Comencem!<\/p>\n\n<h2 class=\"wp-block-heading\">1. Utilitza materials que garanteixin l&#8217;a\u00efllament t\u00e8rmic<\/h2>\n\n<p>L&#8217;elecci\u00f3 del material amb qu\u00e8 es fabricaran les portes \u00e9s clau per millorar la seva efici\u00e8ncia energ\u00e8tica. Els panells met\u00e0l\u00b7lics o els acabats de fusta poden ser bones opcions perqu\u00e8 ofereixen un bon a\u00efllament t\u00e8rmic. <\/p>\n\n<p>D&#8217;aquesta manera <strong>s&#8217;evita l&#8217;entrada de fred o calor excessiva<\/strong> , cosa que far\u00e0 que el motor funcioni amb m\u00e9s efici\u00e8ncia.<\/p>\n\n<h2 class=\"wp-block-heading\">2. Obre la porta el que \u00e9s just i necessari<\/h2>\n\n<p>Les portes autom\u00e0tiques del garatge nom\u00e9s s&#8217;han d&#8217;obrir per a l&#8217;entrada i la sortida de vehicles, no de persones. Tot i aix\u00f2, si les utilitzem per entrar o sortir a peu cal <strong>programar l&#8217;automatisme per evitar l&#8217;obertura total<\/strong> de les portes. <\/p>\n\n<p>Una bona opci\u00f3 pot ser que, quan es faci una segona pulsaci\u00f3 al comandament, la porta que simplement s&#8217;ha entreobert es torni a tancar. Aquest gest senzill <strong>disminuir\u00e0 m\u00e9s d&#8217;un 50% el recorregut de la porta<\/strong> , amb el conseg\u00fcent estalvi d&#8217;energia. <\/p>\n\n<figure class=\"wp-block-image size-full\"><img decoding=\"async\" src=\"https:\/\/fain.es\/wp-content\/uploads\/2023\/12\/210928_Fain_Basculante-Industrial_HD-01-1.jpg\" alt=\"\" class=\"wp-image-29368\"\/><\/figure>\n\n<h2 class=\"wp-block-heading\">3. Instal\u00b7la un automatisme acord a la teva porta<\/h2>\n\n<p>El motor o <a href=\"https:\/\/www.talleresdelpaso.com\/automatismos\/\" target=\"_blank\" rel=\"noreferrer noopener\">automatisme<\/a> haur\u00e0 de ser d&#8217;acord amb el pes real de la porta ja que, altrament, a m\u00e9s de tenir un <strong>cost exagerat<\/strong> (a m\u00e9s pot\u00e8ncia, m\u00e9s preu) es produeix un <strong>augment injustificat en el consum<\/strong> . La ra\u00f3? Que els motors m\u00e9s grans consumeixen el doble que els motors residencials.    <\/p>\n\n<p>Sempre \u00e9s recomanable posar un motor que superi el pes normal de la porta perqu\u00e8 en el futur aquesta no anir\u00e0 tan suau per falta de greixatge, fang a les guies o per qualsevol altra circumst\u00e0ncia; no obstant aix\u00f2, <strong>amb utilitzar un motor que dupliqui el pes de la porta \u00e9s m\u00e9s que suficient<\/strong> .<\/p>\n\n<h2 class=\"wp-block-heading\">4. Augmenta el temps d&#8217;espera al tancament autom\u00e0tic<\/h2>\n\n<p>Si la porta donar\u00e0 servei a una comunitat de ve\u00efns, \u00e9s recomanable augmentar el temps que la porta est\u00e0 aturada abans de comen\u00e7ar a tancar. I \u00e9s que, per norma general, sempre hi haur\u00e0 <strong>&#8216;hores punta&#8217; on pr\u00e0cticament el 80% dels ve\u00efns surten i entren<\/strong> del garatge. <\/p>\n\n<p>Si posem al motor un temps d&#8217;espera una mica m\u00e9s ampli durant aquestes hores, per cada obertura sortir\u00e0 m\u00e9s d&#8217;un vehicle, amb el conseg\u00fcent <strong>estalvi de maniobres del motor<\/strong> .<\/p>\n\n<p>Aix\u00f2 no sols suposa un estalvi energ\u00e8tic, sin\u00f3 que tamb\u00e9 allarga la vida \u00fatil del nostre motor o automatisme.<\/p>\n\n<p>Fins i tot, com a complement a l&#8217;anterior, hi ha la possibilitat d&#8217;instal\u00b7lar <strong>rellotges temporitzadors<\/strong> a les portes de comunitats que deixin les portes obertes durant els per\u00edodes de m\u00e9s tr\u00e0nsit (ex. sortida a treballs i col\u00b7legis a primera hora del mat\u00ed i de la tarda).<\/p>\n\n<h2 class=\"wp-block-heading\">5. Realitza un manteniment peri\u00f2dic i adequat<\/h2>\n\n<p><strong>Sempre<\/strong> <strong>\u00e9s m\u00e9s rendible<\/strong> fer un manteniment preventiu adequat de la teva porta que assumir el cost de reempla\u00e7ar peces o lestructura completa.<\/p>\n\n<p>La legislaci\u00f3 vigent en mat\u00e8ria d&#8217;instal\u00b7laci\u00f3, reparaci\u00f3 i manteniment de portes autom\u00e0tiques industrials, comercials i de garatge explicita l&#8217; <strong>obligatorietat del manteniment preventiu<\/strong> ( <a href=\"https:\/\/www.une.org\/encuentra-tu-norma\/busca-tu-norma\/norma?c=N0049924\" target=\"_blank\" rel=\"noreferrer noopener\">Norma UNE 85635<\/a> , plasmada al DB \u201cSUA\u201d del Codi T\u00e8cnic de l&#8217;Edificaci\u00f3). A m\u00e9s, aquesta norma estableix que les operacions de manteniment i reparaci\u00f3 de portes les ha de dur a terme <strong>professionals qualificats<\/strong> del sector. <\/p>\n\n<p>Parlem de revisions com ara greixat de frontisses i rodets o neteja de guies que garanteixen seguretat als usuaris, eviten avaries i consums innecessaris, i allarguen la vida del motor.<\/p>\n\n<h2 class=\"wp-block-heading\">FAIN Puertas, una empresa on confiar<\/h2>\n\n<p>FAIN Puertas SL va comen\u00e7ar a operar a l&#8217;octubre del 2021 com una nova l\u00ednia de negoci sota el paraigua del <strong>Grup FAIN<\/strong> que recull tota l&#8217;experi\u00e8ncia de FAIN ASCENSORES i l&#8217;aplica al servei de <strong>portes autom\u00e0tiques industrials, comercials i de garatge<\/strong> , amb independ\u00e8ncia de la seva tipologia, model i marca.<\/p>\n\n<p>T&#8217;oferim productes certificats, un professional servei d&#8217;instal\u00b7laci\u00f3, <a href=\"https:\/\/fain.es\/puertas\/reparacion\/\" target=\"_blank\" rel=\"noreferrer noopener\">reparaci\u00f3<\/a> i <a href=\"https:\/\/fain.es\/puertas\/mantenimiento\/\" target=\"_blank\" rel=\"noreferrer noopener\">manteniment<\/a> i assessorament personalitzat.<br\/> Coneix <a href=\"https:\/\/fain.es\/puertas\/contacto\/\" target=\"_blank\" rel=\"noreferrer noopener\">les nostres Delegacions<\/a> , descobreix quina es troba m\u00e9s a prop teu i explica&#8217;ns qu\u00e8 necessites!<\/p>\n\n<figure class=\"wp-block-image size-full\"><img loading=\"lazy\" decoding=\"async\" width=\"2560\" height=\"1708\" src=\"https:\/\/fain.es\/wp-content\/uploads\/2023\/12\/alta_FAINreportajeweb_tamaraarranz045-2-1-scaled.jpg\" alt=\"T&#xE8;cnic de FAIN Ascensors amb vehicle corporatiu (2)\" class=\"wp-image-29364\" srcset=\"https:\/\/fain.es\/wp-content\/uploads\/2023\/12\/alta_FAINreportajeweb_tamaraarranz045-2-1-scaled.jpg 2560w, https:\/\/fain.es\/wp-content\/uploads\/2023\/12\/alta_FAINreportajeweb_tamaraarranz045-2-1-768x513.jpg 768w, https:\/\/fain.es\/wp-content\/uploads\/2023\/12\/alta_FAINreportajeweb_tamaraarranz045-2-1-1536x1025.jpg 1536w, https:\/\/fain.es\/wp-content\/uploads\/2023\/12\/alta_FAINreportajeweb_tamaraarranz045-2-1-2048x1367.jpg 2048w\" sizes=\"auto, (max-width: 2560px) 100vw, 2560px\" \/><\/figure>\n","protected":false},"excerpt":{"rendered":"<p>A FAIN treballem cada dia per ser la millor empresa de serveis i tenim molt identificada la nostra responsabilitat social . El respecte a l&#8217;entorn \u00e9s un dels pilars fonamentals de la nostra filosofia. Per aix\u00f2, fem un gran esfor\u00e7 per treballar alineats amb els Objectius de Desenvolupament Sostenible (ODS) de l&#8217;Agenda 2030, i aconseguir [&hellip;]<\/p>\n","protected":false},"author":110141,"featured_media":38374,"parent":0,"menu_order":0,"template":"","class_list":["post-38370","blog_puertas","type-blog_puertas","status-publish","has-post-thumbnail","hentry"],"acf":[],"yoast_head":"<!-- This site is optimized with the Yoast SEO plugin v27.4 - https:\/\/yoast.com\/product\/yoast-seo-wordpress\/ -->\n<title>5 consells per reduir el consum de la teva porta de garatge - FAIN<\/title>\n<meta name=\"robots\" content=\"index, follow, max-snippet:-1, max-image-preview:large, max-video-preview:-1\" \/>\n<link rel=\"canonical\" href=\"https:\/\/fain.es\/ca\/puertas\/blog\/5-consells-per-reduir-el-consum-de-la-teva-porta-de-garatge\/\" \/>\n<meta property=\"og:locale\" content=\"ca_ES\" \/>\n<meta property=\"og:type\" content=\"article\" \/>\n<meta property=\"og:title\" content=\"5 consells per reduir el consum de la teva porta de garatge - FAIN\" \/>\n<meta property=\"og:description\" content=\"A FAIN treballem cada dia per ser la millor empresa de serveis i tenim molt identificada la nostra responsabilitat social . El respecte a l&#8217;entorn \u00e9s un dels pilars fonamentals de la nostra filosofia. Per aix\u00f2, fem un gran esfor\u00e7 per treballar alineats amb els Objectius de Desenvolupament Sostenible (ODS) de l&#8217;Agenda 2030, i aconseguir [&hellip;]\" \/>\n<meta property=\"og:url\" content=\"https:\/\/fain.es\/ca\/puertas\/blog\/5-consells-per-reduir-el-consum-de-la-teva-porta-de-garatge\/\" \/>\n<meta property=\"og:site_name\" content=\"FAIN\" \/>\n<meta property=\"article:modified_time\" content=\"2025-12-11T08:25:53+00:00\" \/>\n<meta property=\"og:image\" content=\"https:\/\/fain.es\/wp-content\/uploads\/2023\/12\/FAIN_20210222_259_web-1.jpg\" \/>\n\t<meta property=\"og:image:width\" content=\"2048\" \/>\n\t<meta property=\"og:image:height\" content=\"1365\" \/>\n\t<meta property=\"og:image:type\" content=\"image\/jpeg\" \/>\n<meta name=\"twitter:card\" content=\"summary_large_image\" \/>\n<meta name=\"twitter:label1\" content=\"Temps estimat de lectura\" \/>\n\t<meta name=\"twitter:data1\" content=\"4 minuts\" \/>\n<script type=\"application\/ld+json\" class=\"yoast-schema-graph\">{\"@context\":\"https:\\\/\\\/schema.org\",\"@graph\":[{\"@type\":\"WebPage\",\"@id\":\"https:\\\/\\\/fain.es\\\/ca\\\/puertas\\\/blog\\\/5-consells-per-reduir-el-consum-de-la-teva-porta-de-garatge\\\/\",\"url\":\"https:\\\/\\\/fain.es\\\/ca\\\/puertas\\\/blog\\\/5-consells-per-reduir-el-consum-de-la-teva-porta-de-garatge\\\/\",\"name\":\"5 consells per reduir el consum de la teva porta de garatge - FAIN\",\"isPartOf\":{\"@id\":\"https:\\\/\\\/fain.es\\\/ca\\\/#website\"},\"primaryImageOfPage\":{\"@id\":\"https:\\\/\\\/fain.es\\\/ca\\\/puertas\\\/blog\\\/5-consells-per-reduir-el-consum-de-la-teva-porta-de-garatge\\\/#primaryimage\"},\"image\":{\"@id\":\"https:\\\/\\\/fain.es\\\/ca\\\/puertas\\\/blog\\\/5-consells-per-reduir-el-consum-de-la-teva-porta-de-garatge\\\/#primaryimage\"},\"thumbnailUrl\":\"https:\\\/\\\/fain.es\\\/wp-content\\\/uploads\\\/2023\\\/12\\\/FAIN_20210222_259_web-1.jpg\",\"datePublished\":\"2025-12-11T08:25:48+00:00\",\"dateModified\":\"2025-12-11T08:25:53+00:00\",\"breadcrumb\":{\"@id\":\"https:\\\/\\\/fain.es\\\/ca\\\/puertas\\\/blog\\\/5-consells-per-reduir-el-consum-de-la-teva-porta-de-garatge\\\/#breadcrumb\"},\"inLanguage\":\"ca\",\"potentialAction\":[{\"@type\":\"ReadAction\",\"target\":[\"https:\\\/\\\/fain.es\\\/ca\\\/puertas\\\/blog\\\/5-consells-per-reduir-el-consum-de-la-teva-porta-de-garatge\\\/\"]}]},{\"@type\":\"ImageObject\",\"inLanguage\":\"ca\",\"@id\":\"https:\\\/\\\/fain.es\\\/ca\\\/puertas\\\/blog\\\/5-consells-per-reduir-el-consum-de-la-teva-porta-de-garatge\\\/#primaryimage\",\"url\":\"https:\\\/\\\/fain.es\\\/wp-content\\\/uploads\\\/2023\\\/12\\\/FAIN_20210222_259_web-1.jpg\",\"contentUrl\":\"https:\\\/\\\/fain.es\\\/wp-content\\\/uploads\\\/2023\\\/12\\\/FAIN_20210222_259_web-1.jpg\",\"width\":2048,\"height\":1365,\"caption\":\"Seguretat i Precisi\u00f3 amb FAIN.\"},{\"@type\":\"BreadcrumbList\",\"@id\":\"https:\\\/\\\/fain.es\\\/ca\\\/puertas\\\/blog\\\/5-consells-per-reduir-el-consum-de-la-teva-porta-de-garatge\\\/#breadcrumb\",\"itemListElement\":[{\"@type\":\"ListItem\",\"position\":1,\"name\":\"Portada\",\"item\":\"https:\\\/\\\/fain.es\\\/ca\\\/fain-ascensors\\\/\"},{\"@type\":\"ListItem\",\"position\":2,\"name\":\"5 consells per reduir el consum de la teva porta de garatge\"}]},{\"@type\":\"WebSite\",\"@id\":\"https:\\\/\\\/fain.es\\\/ca\\\/#website\",\"url\":\"https:\\\/\\\/fain.es\\\/ca\\\/\",\"name\":\"FAIN\",\"description\":\"\",\"potentialAction\":[{\"@type\":\"SearchAction\",\"target\":{\"@type\":\"EntryPoint\",\"urlTemplate\":\"https:\\\/\\\/fain.es\\\/ca\\\/?s={search_term_string}\"},\"query-input\":{\"@type\":\"PropertyValueSpecification\",\"valueRequired\":true,\"valueName\":\"search_term_string\"}}],\"inLanguage\":\"ca\"}]}<\/script>\n<!-- \/ Yoast SEO plugin. -->","yoast_head_json":{"title":"5 consells per reduir el consum de la teva porta de garatge - FAIN","robots":{"index":"index","follow":"follow","max-snippet":"max-snippet:-1","max-image-preview":"max-image-preview:large","max-video-preview":"max-video-preview:-1"},"canonical":"https:\/\/fain.es\/ca\/puertas\/blog\/5-consells-per-reduir-el-consum-de-la-teva-porta-de-garatge\/","og_locale":"ca_ES","og_type":"article","og_title":"5 consells per reduir el consum de la teva porta de garatge - FAIN","og_description":"A FAIN treballem cada dia per ser la millor empresa de serveis i tenim molt identificada la nostra responsabilitat social . El respecte a l&#8217;entorn \u00e9s un dels pilars fonamentals de la nostra filosofia. Per aix\u00f2, fem un gran esfor\u00e7 per treballar alineats amb els Objectius de Desenvolupament Sostenible (ODS) de l&#8217;Agenda 2030, i aconseguir [&hellip;]","og_url":"https:\/\/fain.es\/ca\/puertas\/blog\/5-consells-per-reduir-el-consum-de-la-teva-porta-de-garatge\/","og_site_name":"FAIN","article_modified_time":"2025-12-11T08:25:53+00:00","og_image":[{"width":2048,"height":1365,"url":"https:\/\/fain.es\/wp-content\/uploads\/2023\/12\/FAIN_20210222_259_web-1.jpg","type":"image\/jpeg"}],"twitter_card":"summary_large_image","twitter_misc":{"Temps estimat de lectura":"4 minuts"},"schema":{"@context":"https:\/\/schema.org","@graph":[{"@type":"WebPage","@id":"https:\/\/fain.es\/ca\/puertas\/blog\/5-consells-per-reduir-el-consum-de-la-teva-porta-de-garatge\/","url":"https:\/\/fain.es\/ca\/puertas\/blog\/5-consells-per-reduir-el-consum-de-la-teva-porta-de-garatge\/","name":"5 consells per reduir el consum de la teva porta de garatge - FAIN","isPartOf":{"@id":"https:\/\/fain.es\/ca\/#website"},"primaryImageOfPage":{"@id":"https:\/\/fain.es\/ca\/puertas\/blog\/5-consells-per-reduir-el-consum-de-la-teva-porta-de-garatge\/#primaryimage"},"image":{"@id":"https:\/\/fain.es\/ca\/puertas\/blog\/5-consells-per-reduir-el-consum-de-la-teva-porta-de-garatge\/#primaryimage"},"thumbnailUrl":"https:\/\/fain.es\/wp-content\/uploads\/2023\/12\/FAIN_20210222_259_web-1.jpg","datePublished":"2025-12-11T08:25:48+00:00","dateModified":"2025-12-11T08:25:53+00:00","breadcrumb":{"@id":"https:\/\/fain.es\/ca\/puertas\/blog\/5-consells-per-reduir-el-consum-de-la-teva-porta-de-garatge\/#breadcrumb"},"inLanguage":"ca","potentialAction":[{"@type":"ReadAction","target":["https:\/\/fain.es\/ca\/puertas\/blog\/5-consells-per-reduir-el-consum-de-la-teva-porta-de-garatge\/"]}]},{"@type":"ImageObject","inLanguage":"ca","@id":"https:\/\/fain.es\/ca\/puertas\/blog\/5-consells-per-reduir-el-consum-de-la-teva-porta-de-garatge\/#primaryimage","url":"https:\/\/fain.es\/wp-content\/uploads\/2023\/12\/FAIN_20210222_259_web-1.jpg","contentUrl":"https:\/\/fain.es\/wp-content\/uploads\/2023\/12\/FAIN_20210222_259_web-1.jpg","width":2048,"height":1365,"caption":"Seguretat i Precisi\u00f3 amb FAIN."},{"@type":"BreadcrumbList","@id":"https:\/\/fain.es\/ca\/puertas\/blog\/5-consells-per-reduir-el-consum-de-la-teva-porta-de-garatge\/#breadcrumb","itemListElement":[{"@type":"ListItem","position":1,"name":"Portada","item":"https:\/\/fain.es\/ca\/fain-ascensors\/"},{"@type":"ListItem","position":2,"name":"5 consells per reduir el consum de la teva porta de garatge"}]},{"@type":"WebSite","@id":"https:\/\/fain.es\/ca\/#website","url":"https:\/\/fain.es\/ca\/","name":"FAIN","description":"","potentialAction":[{"@type":"SearchAction","target":{"@type":"EntryPoint","urlTemplate":"https:\/\/fain.es\/ca\/?s={search_term_string}"},"query-input":{"@type":"PropertyValueSpecification","valueRequired":true,"valueName":"search_term_string"}}],"inLanguage":"ca"}]}},"_links":{"self":[{"href":"https:\/\/fain.es\/ca\/wp-json\/wp\/v2\/blog_puertas\/38370","targetHints":{"allow":["GET"]}}],"collection":[{"href":"https:\/\/fain.es\/ca\/wp-json\/wp\/v2\/blog_puertas"}],"about":[{"href":"https:\/\/fain.es\/ca\/wp-json\/wp\/v2\/types\/blog_puertas"}],"author":[{"embeddable":true,"href":"https:\/\/fain.es\/ca\/wp-json\/wp\/v2\/users\/110141"}],"version-history":[{"count":2,"href":"https:\/\/fain.es\/ca\/wp-json\/wp\/v2\/blog_puertas\/38370\/revisions"}],"predecessor-version":[{"id":38380,"href":"https:\/\/fain.es\/ca\/wp-json\/wp\/v2\/blog_puertas\/38370\/revisions\/38380"}],"wp:featuredmedia":[{"embeddable":true,"href":"https:\/\/fain.es\/ca\/wp-json\/wp\/v2\/media\/38374"}],"wp:attachment":[{"href":"https:\/\/fain.es\/ca\/wp-json\/wp\/v2\/media?parent=38370"}],"curies":[{"name":"wp","href":"https:\/\/api.w.org\/{rel}","templated":true}]}}