{"id":38359,"date":"2025-12-11T09:25:46","date_gmt":"2025-12-11T08:25:46","guid":{"rendered":"https:\/\/fain.es\/puertas\/blog\/manteniment-de-portes-automatiques-que-cal-saber-abans-de-signar-un-contracte\/"},"modified":"2025-12-11T09:25:53","modified_gmt":"2025-12-11T08:25:53","slug":"manteniment-de-portes-automatiques-que-cal-saber-abans-de-signar-un-contracte","status":"publish","type":"blog_puertas","link":"https:\/\/fain.es\/ca\/puertas\/blog\/manteniment-de-portes-automatiques-que-cal-saber-abans-de-signar-un-contracte\/","title":{"rendered":"Manteniment de portes autom\u00e0tiques: qu\u00e8 cal saber abans de signar un contracte"},"content":{"rendered":"\n<p>El <strong>manteniment<\/strong> de portes de garatge, industrials i comercials <a href=\"https:\/\/fain.es\/puertas\/blog\/documentos-basicos-obligacion-mantenimiento-puertas-garaje\/\" target=\"_blank\" rel=\"noreferrer noopener\">\u00e9s obligatori<\/a> , tal com estableix el document b\u00e0sic de seguretat d&#8217;utilitzaci\u00f3 i accessibilitat \u201cDB-SUA\u201d del Codi t\u00e8cnic de l&#8217;edificaci\u00f3.<\/p>\n\n<p>A difer\u00e8ncia del que passa amb els ascensors, no hi ha cap legislaci\u00f3 nacional que estableixi l&#8217;obligaci\u00f3 que el propietari o titular disposi d&#8217;un <strong>contracte de manteniment<\/strong> per a les portes autom\u00e0tiques. Tot i aix\u00f2, \u00e9s molt recomanable signar un contracte de manteniment, tant per <g id=\"gid_1\">raons \u00f2bvies de seguretat<\/g> com per <g id=\"gid_2\">raons legals<\/g> . I \u00e9s que, davant d&#8217;una inspecci\u00f3, aquest document contractual estableix el comprom\u00eds que efectivament els manteniments s&#8217;estan duent a terme.  <\/p>\n\n<p>A m\u00e9s, no hem de perdre de vista que les portes autom\u00e0tiques estan sotmeses a <strong>constants canvis normatius<\/strong> ia una cada cop m\u00e9s <strong>exigent reglamentaci\u00f3<\/strong> en mat\u00e8ria de seguretat.<\/p>\n\n<p>Hi ha tants contractes com empreses de manteniment de portes. No obstant aix\u00f2, avui volem compartir amb vosaltres diverses <strong>q\u00fcestions a tenir en compte<\/strong> abans de decantar-vos per un. Anem all\u00e0!  <\/p>\n\n<h2 class=\"wp-block-heading\">1) Tipus de contracte: tria un nivell de cobertura d&#8217;acord amb les teves necessitats<\/h2>\n\n<p>Els tres tipus de serveis de manteniment i conservaci\u00f3 de portes que des de FAIN posem a la disposici\u00f3 dels nostres clients s\u00f3n:<\/p>\n\n<ol class=\"wp-block-list\">\n<li><strong>BASIC<\/strong> (M\u00ednim legal)<\/li>\n\n\n\n<li><strong>PLUS<\/strong> (Mitj\u00e0 risc)<\/li>\n\n\n\n<li><strong>EXCELLENCE<\/strong> (Tot incl\u00f2s)<\/li>\n<\/ol>\n\n<p>A la imatge seg\u00fcent analitzem les <strong>cobertures<\/strong> de cadascun:<\/p>\n\n<figure class=\"wp-block-image size-full\"><img loading=\"lazy\" decoding=\"async\" width=\"2560\" height=\"2332\" src=\"https:\/\/fain.es\/wp-content\/uploads\/2023\/09\/Tabla_FAIN_Puertas-1_page-0001-1-scaled.jpg\" alt=\"\" class=\"wp-image-27416\" srcset=\"https:\/\/fain.es\/wp-content\/uploads\/2023\/09\/Tabla_FAIN_Puertas-1_page-0001-1-scaled.jpg 2560w, https:\/\/fain.es\/wp-content\/uploads\/2023\/09\/Tabla_FAIN_Puertas-1_page-0001-1-768x699.jpg 768w, https:\/\/fain.es\/wp-content\/uploads\/2023\/09\/Tabla_FAIN_Puertas-1_page-0001-1-1536x1399.jpg 1536w, https:\/\/fain.es\/wp-content\/uploads\/2023\/09\/Tabla_FAIN_Puertas-1_page-0001-1-2048x1865.jpg 2048w\" sizes=\"auto, (max-width: 2560px) 100vw, 2560px\" \/><\/figure>\n\n<h2 class=\"wp-block-heading\">2) Compr\u00e8n els compromisos complets de l&#8217;empresa de portes<\/h2>\n\n<p>\u00c9s important con\u00e8ixer els compromisos de qualitat de l&#8217;empresa d&#8217;ascensors, les singularitats i les vies de comunicaci\u00f3.<\/p>\n\n<h3 class=\"wp-block-heading\">Objectius de manteniment de FAIN Portes<\/h3>\n\n<p>Estem #EntregadosATi. Els compromisos de manteniment FAIN Portes constitueixen, alhora, raons clares per triar-nos. S\u00f3n aquests:  <\/p>\n\n<ul class=\"wp-block-list\">\n<li>Millorar la <strong>qualitat<\/strong> del manteniment mitjan\u00e7ant unes pautes d&#8217;actuaci\u00f3 molt precises.<\/li>\n\n\n\n<li>Garantir la <strong>seguretat<\/strong> de les instal\u00b7lacions.<\/li>\n\n\n\n<li>Mostrar al client la nostra <strong>tra\u00e7abilitat<\/strong> pel que fa a manteniment de les portes.<\/li>\n\n\n\n<li>Definir els <strong>punts de verificaci\u00f3<\/strong> de car\u00e0cter peri\u00f2dic a trav\u00e9s de \u201cCheck list\u201d espec\u00edfics per a cada tipus de porta.<\/li>\n\n\n\n<li>Refor\u00e7ar l&#8217; <strong>efic\u00e0cia<\/strong> de la feina de l&#8217;operari de servei.<\/li>\n\n\n\n<li>Controlar i <strong>parametritzar<\/strong> lactivitat de manteniment.<\/li>\n\n\n\n<li>Potenciar lan\u00e0lisi de <strong>situacions conflictives<\/strong> avan\u00e7ant-nos al manteniment correctiu reactiu.<\/li>\n\n\n\n<li>Deixar const\u00e0ncia de la nostra activitat amb <strong>registres informatitzats<\/strong> i gestionats mitjan\u00e7ant intel\u00b7lig\u00e8ncia artificial.<\/li>\n<\/ul>\n\n<h3 class=\"wp-block-heading\">M\u00faltiples vies de comunicaci\u00f3<\/h3>\n\n<p>Disposem d\u00b4una <strong>Taula d\u00b4Avisos<\/strong> que constitueix un <strong>canal de comunicaci\u00f3 directa<\/strong> entre el client i FAIN PORTES; les seves funcions, entre d&#8217;altres, s\u00f3n: atenci\u00f3 telef\u00f2nica, recepci\u00f3 de trucades comercials, gesti\u00f3 d&#8217;avaries i enquestes de satisfacci\u00f3 als nostres clients.<\/p>\n\n<p>Per\u00f2 no nom\u00e9s t&#8217;atenem per <strong>tel\u00e8fon<\/strong> ! Si ho prefereixes, pots contactar amb nosaltres a trav\u00e9s del <strong>correu electr\u00f2nic<\/strong> o de les nostres <strong>xarxes socials<\/strong> .<\/p>\n\n<p>D&#8217;altra banda, el nostre Director General, <a href=\"https:\/\/www.linkedin.com\/in\/carmelo-moreno-bendito-75527822\/\" target=\"_blank\" rel=\"noreferrer noopener\">Carmelo Moreno<\/a> , i la resta de persones que conformen l&#8217;equip de FAIN Portes ( <a href=\"https:\/\/www.linkedin.com\/in\/alexandre-luque-l%C3%B3pez-b95b2928\/\" target=\"_blank\" rel=\"noreferrer noopener\">Alexandre Luque<\/a> , <a href=\"https:\/\/www.linkedin.com\/in\/sergio-r-moya-43936a25\/\" target=\"_blank\" rel=\"noreferrer noopener\">Sergio Moya<\/a> , etc.) s\u00f3n molt actives a <strong>LinkedIn<\/strong> . Podeu contactar directament amb qualsevol d&#8217;ells! <\/p>\n\n<h3 class=\"wp-block-heading\">El suport d&#8217;un gran grup<\/h3>\n\n<p>FAIN Puertas SL va comen\u00e7ar a operar a l&#8217;octubre de 2021 com una nova l\u00ednia de negoci sota el paraigua del Grup FAIN, que compta amb:<\/p>\n\n<ul class=\"wp-block-list\">\n<li><strong>M\u00e9s de 60 anys d&#8217;experi\u00e8ncia<\/strong> acumulada en instal\u00b7laci\u00f3, manteniment i reparaci\u00f3 d&#8217;ascensors i escales mec\u00e0niques.<\/li>\n\n\n\n<li><strong>Pres\u00e8ncia<\/strong> a tot el territori nacional i <strong>delegacions<\/strong> en altres 4 pa\u00efsos.<\/li>\n\n\n\n<li><strong>Creixement constant<\/strong> , tant a nivell de plantilla com d&#8217;equips en manteniment i de facturaci\u00f3.<\/li>\n\n\n\n<li><a href=\"https:\/\/www.youtube.com\/watch?v=rqE9M15mPd8\" target=\"_blank\" rel=\"noreferrer noopener\">10 importants compromisos amb els clients<\/a><\/li>\n\n\n\n<li><strong>La tecnologia com a aliada<\/strong> . Aquesta ha estat un catalitzador per al creixement i la transformaci\u00f3 de FAIN Ascensors, i aspira ser crucial tamb\u00e9 a la feina di\u00e0ria FAIN Puertas. No en va, ens ha servit per canviar la manera com operem i ens relacionem amb clients, prove\u00efdors i, en general, col\u00b7laboradors. <a href=\"https:\/\/fain.es\/blog\/fain-ascensores-obtiene-el-premio-a-la-mejor-transformacion-digital-empresarial\/\" target=\"_blank\" rel=\"noreferrer noopener\">Aqu\u00ed<\/a> pots veure el Premi que rebem el 2022 per la nostra Transformaci\u00f3 Digital Empresarial en el marc dels <strong>Madrid Network Awards<\/strong> .  <\/li>\n<\/ul>\n\n<figure class=\"wp-block-image size-full\"><img loading=\"lazy\" decoding=\"async\" width=\"2560\" height=\"1707\" src=\"https:\/\/fain.es\/wp-content\/uploads\/2023\/09\/FAIN_Puertas-scaled.jpg\" alt=\"\" class=\"wp-image-27420\" srcset=\"https:\/\/fain.es\/wp-content\/uploads\/2023\/09\/FAIN_Puertas-scaled.jpg 2560w, https:\/\/fain.es\/wp-content\/uploads\/2023\/09\/FAIN_Puertas-768x512.jpg 768w, https:\/\/fain.es\/wp-content\/uploads\/2023\/09\/FAIN_Puertas-1536x1024.jpg 1536w, https:\/\/fain.es\/wp-content\/uploads\/2023\/09\/FAIN_Puertas-2048x1365.jpg 2048w\" sizes=\"auto, (max-width: 2560px) 100vw, 2560px\" \/><\/figure>\n\n<h2 class=\"wp-block-heading\">3) Compr\u00e8n el preu i els increments del contracte, i tenir en compte la relaci\u00f3 qualitat-preu del servei ofert<\/h2>\n\n<p>Volem que <strong>entenguis el que compres<\/strong> . Sabem que un contracte pot ser complicat d&#8217;entendre o comparar. Conscients d&#8217;aix\u00f2, des de FAIN t&#8217;explicarem amb detall el nostre contracte, cobertures, difer\u00e8ncies i qualsevol dubte que puguis tenir\u2026 tantes vegades com calgui!  <\/p>\n\n<p>A m\u00e9s, et notificarem i argumentarem qualsevol increment que es pogu\u00e9s produir en el preu dels nostres serveis. Ja ho vam fer el 2022 amb una altra empresa del Grup FAIN ( <a href=\"https:\/\/fain.es\/ca\/\" target=\"_blank\" rel=\"noreferrer noopener\">FAIN Ascensors<\/a> ) a trav\u00e9s d&#8217; <a href=\"https:\/\/fain.es\/blog\/fain-transparencia-inflacion\/\" target=\"_blank\" rel=\"noreferrer noopener\">un comunicat<\/a> on vam apostar per la <strong>transpar\u00e8ncia en temps d&#8217;inflaci\u00f3<\/strong> . <\/p>\n\n<p>Confiem que els <strong>clients seriosos<\/strong> , aquells als quals els agrada tractar amb empreses serioses i que no desitgen sentir-se enganyats entendran que, en situacions l\u00edmit, certs ajustaments s\u00f3n necessaris per seguir atenent-los com es mereixen, aix\u00ed com per mantenir els llocs de treball i retenir els treballadors m\u00e9s i millor qualificats del sector.<\/p>\n\n<p>Volem estar molts anys amb tu i sabem que <strong>la confian\u00e7a \u00e9s la base d&#8217;una bona relaci\u00f3<\/strong> . Si et queden dubtes, vols ampliar informaci\u00f3 o desitges sol\u00b7licitar-nos un pressupost, no dubtis a posar-te en contacte amb <a href=\"https:\/\/fain.es\/puertas\/contacto\/\" target=\"_blank\" rel=\"noreferrer noopener\">nosaltres<\/a> . <strong>Estem #SempreDisponibles i #EntregadosATi!<\/strong><\/p>\n","protected":false},"excerpt":{"rendered":"<p>El manteniment de portes de garatge, industrials i comercials \u00e9s obligatori , tal com estableix el document b\u00e0sic de seguretat d&#8217;utilitzaci\u00f3 i accessibilitat \u201cDB-SUA\u201d del Codi t\u00e8cnic de l&#8217;edificaci\u00f3. A difer\u00e8ncia del que passa amb els ascensors, no hi ha cap legislaci\u00f3 nacional que estableixi l&#8217;obligaci\u00f3 que el propietari o titular disposi d&#8217;un contracte de [&hellip;]<\/p>\n","protected":false},"author":8,"featured_media":38365,"parent":0,"menu_order":0,"template":"","class_list":["post-38359","blog_puertas","type-blog_puertas","status-publish","has-post-thumbnail","hentry"],"acf":[],"yoast_head":"<!-- This site is optimized with the Yoast SEO plugin v27.4 - https:\/\/yoast.com\/product\/yoast-seo-wordpress\/ -->\n<title>Manteniment de portes autom\u00e0tiques: qu\u00e8 cal saber abans de signar un contracte - FAIN<\/title>\n<meta name=\"robots\" content=\"index, follow, max-snippet:-1, max-image-preview:large, max-video-preview:-1\" \/>\n<link rel=\"canonical\" href=\"https:\/\/fain.es\/ca\/puertas\/blog\/manteniment-de-portes-automatiques-que-cal-saber-abans-de-signar-un-contracte\/\" \/>\n<meta property=\"og:locale\" content=\"ca_ES\" \/>\n<meta property=\"og:type\" content=\"article\" \/>\n<meta property=\"og:title\" content=\"Manteniment de portes autom\u00e0tiques: qu\u00e8 cal saber abans de signar un contracte - FAIN\" \/>\n<meta property=\"og:description\" content=\"El manteniment de portes de garatge, industrials i comercials \u00e9s obligatori , tal com estableix el document b\u00e0sic de seguretat d&#8217;utilitzaci\u00f3 i accessibilitat \u201cDB-SUA\u201d del Codi t\u00e8cnic de l&#8217;edificaci\u00f3. A difer\u00e8ncia del que passa amb els ascensors, no hi ha cap legislaci\u00f3 nacional que estableixi l&#8217;obligaci\u00f3 que el propietari o titular disposi d&#8217;un contracte de [&hellip;]\" \/>\n<meta property=\"og:url\" content=\"https:\/\/fain.es\/ca\/puertas\/blog\/manteniment-de-portes-automatiques-que-cal-saber-abans-de-signar-un-contracte\/\" \/>\n<meta property=\"og:site_name\" content=\"FAIN\" \/>\n<meta property=\"article:modified_time\" content=\"2025-12-11T08:25:53+00:00\" \/>\n<meta property=\"og:image\" content=\"https:\/\/fain.es\/wp-content\/uploads\/2023\/09\/FAIN_20210222_119_web-1.jpg\" \/>\n\t<meta property=\"og:image:width\" content=\"2048\" \/>\n\t<meta property=\"og:image:height\" content=\"1365\" \/>\n\t<meta property=\"og:image:type\" content=\"image\/jpeg\" \/>\n<meta name=\"twitter:card\" content=\"summary_large_image\" \/>\n<meta name=\"twitter:label1\" content=\"Temps estimat de lectura\" \/>\n\t<meta name=\"twitter:data1\" content=\"4 minuts\" \/>\n<script type=\"application\/ld+json\" class=\"yoast-schema-graph\">{\"@context\":\"https:\\\/\\\/schema.org\",\"@graph\":[{\"@type\":\"WebPage\",\"@id\":\"https:\\\/\\\/fain.es\\\/ca\\\/puertas\\\/blog\\\/manteniment-de-portes-automatiques-que-cal-saber-abans-de-signar-un-contracte\\\/\",\"url\":\"https:\\\/\\\/fain.es\\\/ca\\\/puertas\\\/blog\\\/manteniment-de-portes-automatiques-que-cal-saber-abans-de-signar-un-contracte\\\/\",\"name\":\"Manteniment de portes autom\u00e0tiques: qu\u00e8 cal saber abans de signar un contracte - FAIN\",\"isPartOf\":{\"@id\":\"https:\\\/\\\/fain.es\\\/ca\\\/#website\"},\"primaryImageOfPage\":{\"@id\":\"https:\\\/\\\/fain.es\\\/ca\\\/puertas\\\/blog\\\/manteniment-de-portes-automatiques-que-cal-saber-abans-de-signar-un-contracte\\\/#primaryimage\"},\"image\":{\"@id\":\"https:\\\/\\\/fain.es\\\/ca\\\/puertas\\\/blog\\\/manteniment-de-portes-automatiques-que-cal-saber-abans-de-signar-un-contracte\\\/#primaryimage\"},\"thumbnailUrl\":\"https:\\\/\\\/fain.es\\\/wp-content\\\/uploads\\\/2023\\\/09\\\/FAIN_20210222_119_web-1.jpg\",\"datePublished\":\"2025-12-11T08:25:46+00:00\",\"dateModified\":\"2025-12-11T08:25:53+00:00\",\"breadcrumb\":{\"@id\":\"https:\\\/\\\/fain.es\\\/ca\\\/puertas\\\/blog\\\/manteniment-de-portes-automatiques-que-cal-saber-abans-de-signar-un-contracte\\\/#breadcrumb\"},\"inLanguage\":\"ca\",\"potentialAction\":[{\"@type\":\"ReadAction\",\"target\":[\"https:\\\/\\\/fain.es\\\/ca\\\/puertas\\\/blog\\\/manteniment-de-portes-automatiques-que-cal-saber-abans-de-signar-un-contracte\\\/\"]}]},{\"@type\":\"ImageObject\",\"inLanguage\":\"ca\",\"@id\":\"https:\\\/\\\/fain.es\\\/ca\\\/puertas\\\/blog\\\/manteniment-de-portes-automatiques-que-cal-saber-abans-de-signar-un-contracte\\\/#primaryimage\",\"url\":\"https:\\\/\\\/fain.es\\\/wp-content\\\/uploads\\\/2023\\\/09\\\/FAIN_20210222_119_web-1.jpg\",\"contentUrl\":\"https:\\\/\\\/fain.es\\\/wp-content\\\/uploads\\\/2023\\\/09\\\/FAIN_20210222_119_web-1.jpg\",\"width\":2048,\"height\":1365,\"caption\":\"Mochila robusta y funcional dise\u00f1ada para el transporte seguro de herramientas, destacando la calidad y colaboraci\u00f3n entre las marcas \\\"STANLEY FATMAX\\\" y \\\"FAIN\\\".\"},{\"@type\":\"BreadcrumbList\",\"@id\":\"https:\\\/\\\/fain.es\\\/ca\\\/puertas\\\/blog\\\/manteniment-de-portes-automatiques-que-cal-saber-abans-de-signar-un-contracte\\\/#breadcrumb\",\"itemListElement\":[{\"@type\":\"ListItem\",\"position\":1,\"name\":\"Portada\",\"item\":\"https:\\\/\\\/fain.es\\\/ca\\\/fain-ascensors\\\/\"},{\"@type\":\"ListItem\",\"position\":2,\"name\":\"Manteniment de portes autom\u00e0tiques: qu\u00e8 cal saber abans de signar un contracte\"}]},{\"@type\":\"WebSite\",\"@id\":\"https:\\\/\\\/fain.es\\\/ca\\\/#website\",\"url\":\"https:\\\/\\\/fain.es\\\/ca\\\/\",\"name\":\"FAIN\",\"description\":\"\",\"potentialAction\":[{\"@type\":\"SearchAction\",\"target\":{\"@type\":\"EntryPoint\",\"urlTemplate\":\"https:\\\/\\\/fain.es\\\/ca\\\/?s={search_term_string}\"},\"query-input\":{\"@type\":\"PropertyValueSpecification\",\"valueRequired\":true,\"valueName\":\"search_term_string\"}}],\"inLanguage\":\"ca\"}]}<\/script>\n<!-- \/ Yoast SEO plugin. -->","yoast_head_json":{"title":"Manteniment de portes autom\u00e0tiques: qu\u00e8 cal saber abans de signar un contracte - FAIN","robots":{"index":"index","follow":"follow","max-snippet":"max-snippet:-1","max-image-preview":"max-image-preview:large","max-video-preview":"max-video-preview:-1"},"canonical":"https:\/\/fain.es\/ca\/puertas\/blog\/manteniment-de-portes-automatiques-que-cal-saber-abans-de-signar-un-contracte\/","og_locale":"ca_ES","og_type":"article","og_title":"Manteniment de portes autom\u00e0tiques: qu\u00e8 cal saber abans de signar un contracte - FAIN","og_description":"El manteniment de portes de garatge, industrials i comercials \u00e9s obligatori , tal com estableix el document b\u00e0sic de seguretat d&#8217;utilitzaci\u00f3 i accessibilitat \u201cDB-SUA\u201d del Codi t\u00e8cnic de l&#8217;edificaci\u00f3. A difer\u00e8ncia del que passa amb els ascensors, no hi ha cap legislaci\u00f3 nacional que estableixi l&#8217;obligaci\u00f3 que el propietari o titular disposi d&#8217;un contracte de [&hellip;]","og_url":"https:\/\/fain.es\/ca\/puertas\/blog\/manteniment-de-portes-automatiques-que-cal-saber-abans-de-signar-un-contracte\/","og_site_name":"FAIN","article_modified_time":"2025-12-11T08:25:53+00:00","og_image":[{"width":2048,"height":1365,"url":"https:\/\/fain.es\/wp-content\/uploads\/2023\/09\/FAIN_20210222_119_web-1.jpg","type":"image\/jpeg"}],"twitter_card":"summary_large_image","twitter_misc":{"Temps estimat de lectura":"4 minuts"},"schema":{"@context":"https:\/\/schema.org","@graph":[{"@type":"WebPage","@id":"https:\/\/fain.es\/ca\/puertas\/blog\/manteniment-de-portes-automatiques-que-cal-saber-abans-de-signar-un-contracte\/","url":"https:\/\/fain.es\/ca\/puertas\/blog\/manteniment-de-portes-automatiques-que-cal-saber-abans-de-signar-un-contracte\/","name":"Manteniment de portes autom\u00e0tiques: qu\u00e8 cal saber abans de signar un contracte - FAIN","isPartOf":{"@id":"https:\/\/fain.es\/ca\/#website"},"primaryImageOfPage":{"@id":"https:\/\/fain.es\/ca\/puertas\/blog\/manteniment-de-portes-automatiques-que-cal-saber-abans-de-signar-un-contracte\/#primaryimage"},"image":{"@id":"https:\/\/fain.es\/ca\/puertas\/blog\/manteniment-de-portes-automatiques-que-cal-saber-abans-de-signar-un-contracte\/#primaryimage"},"thumbnailUrl":"https:\/\/fain.es\/wp-content\/uploads\/2023\/09\/FAIN_20210222_119_web-1.jpg","datePublished":"2025-12-11T08:25:46+00:00","dateModified":"2025-12-11T08:25:53+00:00","breadcrumb":{"@id":"https:\/\/fain.es\/ca\/puertas\/blog\/manteniment-de-portes-automatiques-que-cal-saber-abans-de-signar-un-contracte\/#breadcrumb"},"inLanguage":"ca","potentialAction":[{"@type":"ReadAction","target":["https:\/\/fain.es\/ca\/puertas\/blog\/manteniment-de-portes-automatiques-que-cal-saber-abans-de-signar-un-contracte\/"]}]},{"@type":"ImageObject","inLanguage":"ca","@id":"https:\/\/fain.es\/ca\/puertas\/blog\/manteniment-de-portes-automatiques-que-cal-saber-abans-de-signar-un-contracte\/#primaryimage","url":"https:\/\/fain.es\/wp-content\/uploads\/2023\/09\/FAIN_20210222_119_web-1.jpg","contentUrl":"https:\/\/fain.es\/wp-content\/uploads\/2023\/09\/FAIN_20210222_119_web-1.jpg","width":2048,"height":1365,"caption":"Mochila robusta y funcional dise\u00f1ada para el transporte seguro de herramientas, destacando la calidad y colaboraci\u00f3n entre las marcas \"STANLEY FATMAX\" y \"FAIN\"."},{"@type":"BreadcrumbList","@id":"https:\/\/fain.es\/ca\/puertas\/blog\/manteniment-de-portes-automatiques-que-cal-saber-abans-de-signar-un-contracte\/#breadcrumb","itemListElement":[{"@type":"ListItem","position":1,"name":"Portada","item":"https:\/\/fain.es\/ca\/fain-ascensors\/"},{"@type":"ListItem","position":2,"name":"Manteniment de portes autom\u00e0tiques: qu\u00e8 cal saber abans de signar un contracte"}]},{"@type":"WebSite","@id":"https:\/\/fain.es\/ca\/#website","url":"https:\/\/fain.es\/ca\/","name":"FAIN","description":"","potentialAction":[{"@type":"SearchAction","target":{"@type":"EntryPoint","urlTemplate":"https:\/\/fain.es\/ca\/?s={search_term_string}"},"query-input":{"@type":"PropertyValueSpecification","valueRequired":true,"valueName":"search_term_string"}}],"inLanguage":"ca"}]}},"_links":{"self":[{"href":"https:\/\/fain.es\/ca\/wp-json\/wp\/v2\/blog_puertas\/38359","targetHints":{"allow":["GET"]}}],"collection":[{"href":"https:\/\/fain.es\/ca\/wp-json\/wp\/v2\/blog_puertas"}],"about":[{"href":"https:\/\/fain.es\/ca\/wp-json\/wp\/v2\/types\/blog_puertas"}],"author":[{"embeddable":true,"href":"https:\/\/fain.es\/ca\/wp-json\/wp\/v2\/users\/8"}],"version-history":[{"count":2,"href":"https:\/\/fain.es\/ca\/wp-json\/wp\/v2\/blog_puertas\/38359\/revisions"}],"predecessor-version":[{"id":38369,"href":"https:\/\/fain.es\/ca\/wp-json\/wp\/v2\/blog_puertas\/38359\/revisions\/38369"}],"wp:featuredmedia":[{"embeddable":true,"href":"https:\/\/fain.es\/ca\/wp-json\/wp\/v2\/media\/38365"}],"wp:attachment":[{"href":"https:\/\/fain.es\/ca\/wp-json\/wp\/v2\/media?parent=38359"}],"curies":[{"name":"wp","href":"https:\/\/api.w.org\/{rel}","templated":true}]}}