{"id":38354,"date":"2025-12-11T09:25:41","date_gmt":"2025-12-11T08:25:41","guid":{"rendered":"https:\/\/fain.es\/puertas\/blog\/quin-tipus-de-porta-de-garatge-es-mes-adient-per-a-un-clima-fred-i-per-a-un-calid\/"},"modified":"2025-12-11T09:25:42","modified_gmt":"2025-12-11T08:25:42","slug":"quin-tipus-de-porta-de-garatge-es-mes-adient-per-a-un-clima-fred-i-per-a-un-calid","status":"publish","type":"blog_puertas","link":"https:\/\/fain.es\/ca\/puertas\/blog\/quin-tipus-de-porta-de-garatge-es-mes-adient-per-a-un-clima-fred-i-per-a-un-calid\/","title":{"rendered":"Quin tipus de porta de garatge \u00e9s m\u00e9s adient per a un clima fred? i per a un c\u00e0lid?"},"content":{"rendered":"\n<p>El <strong>clima<\/strong> al nostre pa\u00eds \u00e9s <strong>molt heterogeni<\/strong> a causa de diversos factors importants, com s\u00f3n: la seva posici\u00f3 global al planeta, la seva situaci\u00f3 estrat\u00e8gica envoltada de mar o pel canviant relleu del territori que ocupa, entre d&#8217;altres.<\/p>\n\n<p>Si est\u00e0s pensant en instal\u00b7lar una porta per al teu garatge, en principi qualsevol model encaixaria, independentment que visques en una regi\u00f3 amb un clima m\u00e9s fred o m\u00e9s c\u00e0lid. No obstant aix\u00f2, en funci\u00f3 d&#8217;aquestes circumst\u00e0ncies el que s\u00ed que resulta m\u00e9s determinant s\u00f3n els <strong>materials a emprar per a la fabricaci\u00f3<\/strong> . <\/p>\n\n<p>Si resideixes en zones amb circumst\u00e0ncies climatol\u00f2giques adverses, hi ha materials amb <strong>a\u00efllament<\/strong> i fins i tot amb <strong>trencament de pont t\u00e8rmic<\/strong> que poguessin resultar m\u00e9s convenients per a les portes. En contraposici\u00f3, en altres circumst\u00e0ncies es poden emprar materials m\u00e9s simples o lleugers. <\/p>\n\n<p>D&#8217;altra banda, \u00e9s important considerar <strong>on anir\u00e0 finalment col\u00b7locada<\/strong> la porta. No \u00e9s el mateix l&#8217;exposici\u00f3 a l&#8217;oxidaci\u00f3 a zones de costa (on s&#8217;hauria de considerar emprar materials inoxidables) que a zones no exposades a aquestes circumst\u00e0ncies de l&#8217;interior. <\/p>\n\n<figure class=\"wp-block-image size-full\"><img loading=\"lazy\" decoding=\"async\" width=\"2560\" height=\"1443\" src=\"https:\/\/fain.es\/wp-content\/uploads\/2023\/04\/Foto_Puerta-1-1-scaled.jpeg\" alt=\"\" class=\"wp-image-25674\" srcset=\"https:\/\/fain.es\/wp-content\/uploads\/2023\/04\/Foto_Puerta-1-1-scaled.jpeg 2560w, https:\/\/fain.es\/wp-content\/uploads\/2023\/04\/Foto_Puerta-1-1-768x433.jpeg 768w, https:\/\/fain.es\/wp-content\/uploads\/2023\/04\/Foto_Puerta-1-1-1536x866.jpeg 1536w, https:\/\/fain.es\/wp-content\/uploads\/2023\/04\/Foto_Puerta-1-1-2048x1154.jpeg 2048w\" sizes=\"auto, (max-width: 2560px) 100vw, 2560px\" \/><\/figure>\n\n<h2 class=\"wp-block-heading\">Puc instal\u00b7lar la meva porta de garatge jo mateix?<\/h2>\n\n<p>Instal\u00b7lar una porta de garatge constitueix una activitat <strong>no a l&#8217;abast de qualsevol persona<\/strong> . Ja nom\u00e9s la fabricaci\u00f3, trasllat i instal\u00b7laci\u00f3 de la pr\u00f2pia porta requereix <g id=\"gid_1\">materials i mitjans complexos<\/g> . A m\u00e9s, l&#8217;automatitzaci\u00f3 i la posterior instal\u00b7laci\u00f3 de perif\u00e8rics i dispositius de seguretat necessita <g id=\"gid_2\">destreses i habilitats<\/g> relacionades amb l&#8217;electricitat, electr\u00f2nica i soldadura. A m\u00e9s, les portes han d&#8217;estar dotades de documentaci\u00f3 obligat\u00f2ria com ara Marcatge CE, Declaraci\u00f3 de Prestacions i manual d&#8217;instruccions que nom\u00e9s pot expedir un professional del ram.   <\/p>\n\n<p>En q\u00fcestions tan importants com la teva seguretat i la dels teus, no te la juguis! Confia en professionals veritablement qualificats que sabran com actuar davant de qualsevol imprevist. <\/p>\n\n<p>Et recordem que a <a href=\"https:\/\/fain.es\/puertas\/home\/\">FAIN PORTES<\/a> estem especialitzats en el subministrament, la instal\u00b7laci\u00f3 i el manteniment de portes de garatge, aix\u00ed com en el subministrament de comandaments i claus.<br\/> Si est\u00e0s pensant en instal\u00b7lar o substituir la teva porta, no dubtis en <a href=\"https:\/\/fain.es\/puertas\/contacto\/\">contactar amb nosaltres<\/a> . T&#8217;ajudarem a prendre la millor decisi\u00f3! <\/p>\n","protected":false},"excerpt":{"rendered":"<p>El clima al nostre pa\u00eds \u00e9s molt heterogeni a causa de diversos factors importants, com s\u00f3n: la seva posici\u00f3 global al planeta, la seva situaci\u00f3 estrat\u00e8gica envoltada de mar o pel canviant relleu del territori que ocupa, entre d&#8217;altres. Si est\u00e0s pensant en instal\u00b7lar una porta per al teu garatge, en principi qualsevol model encaixaria, [&hellip;]<\/p>\n","protected":false},"author":110120,"featured_media":38355,"parent":0,"menu_order":0,"template":"","class_list":["post-38354","blog_puertas","type-blog_puertas","status-publish","has-post-thumbnail","hentry"],"acf":[],"yoast_head":"<!-- This site is optimized with the Yoast SEO plugin v27.4 - https:\/\/yoast.com\/product\/yoast-seo-wordpress\/ -->\n<title>Quin tipus de porta de garatge \u00e9s m\u00e9s adient per a un clima fred? i per a un c\u00e0lid? - FAIN<\/title>\n<meta name=\"robots\" content=\"index, follow, max-snippet:-1, max-image-preview:large, max-video-preview:-1\" \/>\n<link rel=\"canonical\" href=\"https:\/\/fain.es\/ca\/puertas\/blog\/quin-tipus-de-porta-de-garatge-es-mes-adient-per-a-un-clima-fred-i-per-a-un-calid\/\" \/>\n<meta property=\"og:locale\" content=\"ca_ES\" \/>\n<meta property=\"og:type\" content=\"article\" \/>\n<meta property=\"og:title\" content=\"Quin tipus de porta de garatge \u00e9s m\u00e9s adient per a un clima fred? i per a un c\u00e0lid? - FAIN\" \/>\n<meta property=\"og:description\" content=\"El clima al nostre pa\u00eds \u00e9s molt heterogeni a causa de diversos factors importants, com s\u00f3n: la seva posici\u00f3 global al planeta, la seva situaci\u00f3 estrat\u00e8gica envoltada de mar o pel canviant relleu del territori que ocupa, entre d&#8217;altres. Si est\u00e0s pensant en instal\u00b7lar una porta per al teu garatge, en principi qualsevol model encaixaria, [&hellip;]\" \/>\n<meta property=\"og:url\" content=\"https:\/\/fain.es\/ca\/puertas\/blog\/quin-tipus-de-porta-de-garatge-es-mes-adient-per-a-un-clima-fred-i-per-a-un-calid\/\" \/>\n<meta property=\"og:site_name\" content=\"FAIN\" \/>\n<meta property=\"article:modified_time\" content=\"2025-12-11T08:25:42+00:00\" \/>\n<meta property=\"og:image\" content=\"https:\/\/fain.es\/wp-content\/uploads\/2023\/04\/210928_Fain_Basculante-Industrial_HD-01-scaled.jpg\" \/>\n\t<meta property=\"og:image:width\" content=\"2560\" \/>\n\t<meta property=\"og:image:height\" content=\"1810\" \/>\n\t<meta property=\"og:image:type\" content=\"image\/jpeg\" \/>\n<meta name=\"twitter:card\" content=\"summary_large_image\" \/>\n<meta name=\"twitter:label1\" content=\"Temps estimat de lectura\" \/>\n\t<meta name=\"twitter:data1\" content=\"2 minuts\" \/>\n<script type=\"application\/ld+json\" class=\"yoast-schema-graph\">{\"@context\":\"https:\\\/\\\/schema.org\",\"@graph\":[{\"@type\":\"WebPage\",\"@id\":\"https:\\\/\\\/fain.es\\\/ca\\\/puertas\\\/blog\\\/quin-tipus-de-porta-de-garatge-es-mes-adient-per-a-un-clima-fred-i-per-a-un-calid\\\/\",\"url\":\"https:\\\/\\\/fain.es\\\/ca\\\/puertas\\\/blog\\\/quin-tipus-de-porta-de-garatge-es-mes-adient-per-a-un-clima-fred-i-per-a-un-calid\\\/\",\"name\":\"Quin tipus de porta de garatge \u00e9s m\u00e9s adient per a un clima fred? i per a un c\u00e0lid? - FAIN\",\"isPartOf\":{\"@id\":\"https:\\\/\\\/fain.es\\\/ca\\\/#website\"},\"primaryImageOfPage\":{\"@id\":\"https:\\\/\\\/fain.es\\\/ca\\\/puertas\\\/blog\\\/quin-tipus-de-porta-de-garatge-es-mes-adient-per-a-un-clima-fred-i-per-a-un-calid\\\/#primaryimage\"},\"image\":{\"@id\":\"https:\\\/\\\/fain.es\\\/ca\\\/puertas\\\/blog\\\/quin-tipus-de-porta-de-garatge-es-mes-adient-per-a-un-clima-fred-i-per-a-un-calid\\\/#primaryimage\"},\"thumbnailUrl\":\"https:\\\/\\\/fain.es\\\/wp-content\\\/uploads\\\/2023\\\/04\\\/210928_Fain_Basculante-Industrial_HD-01-scaled.jpg\",\"datePublished\":\"2025-12-11T08:25:41+00:00\",\"dateModified\":\"2025-12-11T08:25:42+00:00\",\"breadcrumb\":{\"@id\":\"https:\\\/\\\/fain.es\\\/ca\\\/puertas\\\/blog\\\/quin-tipus-de-porta-de-garatge-es-mes-adient-per-a-un-clima-fred-i-per-a-un-calid\\\/#breadcrumb\"},\"inLanguage\":\"ca\",\"potentialAction\":[{\"@type\":\"ReadAction\",\"target\":[\"https:\\\/\\\/fain.es\\\/ca\\\/puertas\\\/blog\\\/quin-tipus-de-porta-de-garatge-es-mes-adient-per-a-un-clima-fred-i-per-a-un-calid\\\/\"]}]},{\"@type\":\"ImageObject\",\"inLanguage\":\"ca\",\"@id\":\"https:\\\/\\\/fain.es\\\/ca\\\/puertas\\\/blog\\\/quin-tipus-de-porta-de-garatge-es-mes-adient-per-a-un-clima-fred-i-per-a-un-calid\\\/#primaryimage\",\"url\":\"https:\\\/\\\/fain.es\\\/wp-content\\\/uploads\\\/2023\\\/04\\\/210928_Fain_Basculante-Industrial_HD-01-scaled.jpg\",\"contentUrl\":\"https:\\\/\\\/fain.es\\\/wp-content\\\/uploads\\\/2023\\\/04\\\/210928_Fain_Basculante-Industrial_HD-01-scaled.jpg\",\"width\":2560,\"height\":1810,\"caption\":\"Dise\u00f1o arquitect\u00f3nico moderno.\"},{\"@type\":\"BreadcrumbList\",\"@id\":\"https:\\\/\\\/fain.es\\\/ca\\\/puertas\\\/blog\\\/quin-tipus-de-porta-de-garatge-es-mes-adient-per-a-un-clima-fred-i-per-a-un-calid\\\/#breadcrumb\",\"itemListElement\":[{\"@type\":\"ListItem\",\"position\":1,\"name\":\"Portada\",\"item\":\"https:\\\/\\\/fain.es\\\/ca\\\/fain-ascensors\\\/\"},{\"@type\":\"ListItem\",\"position\":2,\"name\":\"Quin tipus de porta de garatge \u00e9s m\u00e9s adient per a un clima fred? i per a un c\u00e0lid?\"}]},{\"@type\":\"WebSite\",\"@id\":\"https:\\\/\\\/fain.es\\\/ca\\\/#website\",\"url\":\"https:\\\/\\\/fain.es\\\/ca\\\/\",\"name\":\"FAIN\",\"description\":\"\",\"potentialAction\":[{\"@type\":\"SearchAction\",\"target\":{\"@type\":\"EntryPoint\",\"urlTemplate\":\"https:\\\/\\\/fain.es\\\/ca\\\/?s={search_term_string}\"},\"query-input\":{\"@type\":\"PropertyValueSpecification\",\"valueRequired\":true,\"valueName\":\"search_term_string\"}}],\"inLanguage\":\"ca\"}]}<\/script>\n<!-- \/ Yoast SEO plugin. -->","yoast_head_json":{"title":"Quin tipus de porta de garatge \u00e9s m\u00e9s adient per a un clima fred? i per a un c\u00e0lid? - FAIN","robots":{"index":"index","follow":"follow","max-snippet":"max-snippet:-1","max-image-preview":"max-image-preview:large","max-video-preview":"max-video-preview:-1"},"canonical":"https:\/\/fain.es\/ca\/puertas\/blog\/quin-tipus-de-porta-de-garatge-es-mes-adient-per-a-un-clima-fred-i-per-a-un-calid\/","og_locale":"ca_ES","og_type":"article","og_title":"Quin tipus de porta de garatge \u00e9s m\u00e9s adient per a un clima fred? i per a un c\u00e0lid? - FAIN","og_description":"El clima al nostre pa\u00eds \u00e9s molt heterogeni a causa de diversos factors importants, com s\u00f3n: la seva posici\u00f3 global al planeta, la seva situaci\u00f3 estrat\u00e8gica envoltada de mar o pel canviant relleu del territori que ocupa, entre d&#8217;altres. Si est\u00e0s pensant en instal\u00b7lar una porta per al teu garatge, en principi qualsevol model encaixaria, [&hellip;]","og_url":"https:\/\/fain.es\/ca\/puertas\/blog\/quin-tipus-de-porta-de-garatge-es-mes-adient-per-a-un-clima-fred-i-per-a-un-calid\/","og_site_name":"FAIN","article_modified_time":"2025-12-11T08:25:42+00:00","og_image":[{"width":2560,"height":1810,"url":"https:\/\/fain.es\/wp-content\/uploads\/2023\/04\/210928_Fain_Basculante-Industrial_HD-01-scaled.jpg","type":"image\/jpeg"}],"twitter_card":"summary_large_image","twitter_misc":{"Temps estimat de lectura":"2 minuts"},"schema":{"@context":"https:\/\/schema.org","@graph":[{"@type":"WebPage","@id":"https:\/\/fain.es\/ca\/puertas\/blog\/quin-tipus-de-porta-de-garatge-es-mes-adient-per-a-un-clima-fred-i-per-a-un-calid\/","url":"https:\/\/fain.es\/ca\/puertas\/blog\/quin-tipus-de-porta-de-garatge-es-mes-adient-per-a-un-clima-fred-i-per-a-un-calid\/","name":"Quin tipus de porta de garatge \u00e9s m\u00e9s adient per a un clima fred? i per a un c\u00e0lid? - FAIN","isPartOf":{"@id":"https:\/\/fain.es\/ca\/#website"},"primaryImageOfPage":{"@id":"https:\/\/fain.es\/ca\/puertas\/blog\/quin-tipus-de-porta-de-garatge-es-mes-adient-per-a-un-clima-fred-i-per-a-un-calid\/#primaryimage"},"image":{"@id":"https:\/\/fain.es\/ca\/puertas\/blog\/quin-tipus-de-porta-de-garatge-es-mes-adient-per-a-un-clima-fred-i-per-a-un-calid\/#primaryimage"},"thumbnailUrl":"https:\/\/fain.es\/wp-content\/uploads\/2023\/04\/210928_Fain_Basculante-Industrial_HD-01-scaled.jpg","datePublished":"2025-12-11T08:25:41+00:00","dateModified":"2025-12-11T08:25:42+00:00","breadcrumb":{"@id":"https:\/\/fain.es\/ca\/puertas\/blog\/quin-tipus-de-porta-de-garatge-es-mes-adient-per-a-un-clima-fred-i-per-a-un-calid\/#breadcrumb"},"inLanguage":"ca","potentialAction":[{"@type":"ReadAction","target":["https:\/\/fain.es\/ca\/puertas\/blog\/quin-tipus-de-porta-de-garatge-es-mes-adient-per-a-un-clima-fred-i-per-a-un-calid\/"]}]},{"@type":"ImageObject","inLanguage":"ca","@id":"https:\/\/fain.es\/ca\/puertas\/blog\/quin-tipus-de-porta-de-garatge-es-mes-adient-per-a-un-clima-fred-i-per-a-un-calid\/#primaryimage","url":"https:\/\/fain.es\/wp-content\/uploads\/2023\/04\/210928_Fain_Basculante-Industrial_HD-01-scaled.jpg","contentUrl":"https:\/\/fain.es\/wp-content\/uploads\/2023\/04\/210928_Fain_Basculante-Industrial_HD-01-scaled.jpg","width":2560,"height":1810,"caption":"Dise\u00f1o arquitect\u00f3nico moderno."},{"@type":"BreadcrumbList","@id":"https:\/\/fain.es\/ca\/puertas\/blog\/quin-tipus-de-porta-de-garatge-es-mes-adient-per-a-un-clima-fred-i-per-a-un-calid\/#breadcrumb","itemListElement":[{"@type":"ListItem","position":1,"name":"Portada","item":"https:\/\/fain.es\/ca\/fain-ascensors\/"},{"@type":"ListItem","position":2,"name":"Quin tipus de porta de garatge \u00e9s m\u00e9s adient per a un clima fred? i per a un c\u00e0lid?"}]},{"@type":"WebSite","@id":"https:\/\/fain.es\/ca\/#website","url":"https:\/\/fain.es\/ca\/","name":"FAIN","description":"","potentialAction":[{"@type":"SearchAction","target":{"@type":"EntryPoint","urlTemplate":"https:\/\/fain.es\/ca\/?s={search_term_string}"},"query-input":{"@type":"PropertyValueSpecification","valueRequired":true,"valueName":"search_term_string"}}],"inLanguage":"ca"}]}},"_links":{"self":[{"href":"https:\/\/fain.es\/ca\/wp-json\/wp\/v2\/blog_puertas\/38354","targetHints":{"allow":["GET"]}}],"collection":[{"href":"https:\/\/fain.es\/ca\/wp-json\/wp\/v2\/blog_puertas"}],"about":[{"href":"https:\/\/fain.es\/ca\/wp-json\/wp\/v2\/types\/blog_puertas"}],"author":[{"embeddable":true,"href":"https:\/\/fain.es\/ca\/wp-json\/wp\/v2\/users\/110120"}],"version-history":[{"count":2,"href":"https:\/\/fain.es\/ca\/wp-json\/wp\/v2\/blog_puertas\/38354\/revisions"}],"predecessor-version":[{"id":38358,"href":"https:\/\/fain.es\/ca\/wp-json\/wp\/v2\/blog_puertas\/38354\/revisions\/38358"}],"wp:featuredmedia":[{"embeddable":true,"href":"https:\/\/fain.es\/ca\/wp-json\/wp\/v2\/media\/38355"}],"wp:attachment":[{"href":"https:\/\/fain.es\/ca\/wp-json\/wp\/v2\/media?parent=38354"}],"curies":[{"name":"wp","href":"https:\/\/api.w.org\/{rel}","templated":true}]}}