{"id":38343,"date":"2025-12-11T09:25:38","date_gmt":"2025-12-11T08:25:38","guid":{"rendered":"https:\/\/fain.es\/puertas\/blog\/nou-contracte-a-centres-docupacio-de-la-comunitat-de-madrid\/"},"modified":"2025-12-11T09:25:39","modified_gmt":"2025-12-11T08:25:39","slug":"nou-contracte-a-centres-docupacio-de-la-comunitat-de-madrid","status":"publish","type":"blog_puertas","link":"https:\/\/fain.es\/ca\/puertas\/blog\/nou-contracte-a-centres-docupacio-de-la-comunitat-de-madrid\/","title":{"rendered":"Nou contracte a centres d&#8217;ocupaci\u00f3 de la Comunitat de Madrid"},"content":{"rendered":"\n<p><strong>NOU CONTRACTE A CENTRES D&#8217;OCUPACI\u00d3 DE LA COMUNITAT DE MADRID<\/strong><\/p>\n\n<p>Recentment FAIN PORTES ha estat adjudicat\u00e0ria del servei de manteniment i conservaci\u00f3 de les portes autom\u00e0tiques de tots els centres de treball de la Comunitat de Madrid.<\/p>\n\n<p>Es tracta d&#8217;un contracte que inclou el manteniment preventiu i correctiu de les portes autom\u00e0tiques a totes les seus del Sepe (gesti\u00f3 estatal) i dels serveis d&#8217;ocupaci\u00f3 regionals situats a Madrid (gesti\u00f3 auton\u00f2mica).<\/p>\n\n<p>La nostra Delegaci\u00f3 a Madrid ser\u00e0 la responsable de la gesti\u00f3 i tractament de les necessitats d&#8217;aquest nou i exigent client ja que hem de garantir la viabilitat de totes les portes autom\u00e0tiques de vianants situades als accessos als edificis p\u00fablics on es troben.<\/p>\n\n<p>El servei FAIN PORTES assegura una resposta r\u00e0pida per aconseguir la funcionalitat de les instal\u00b7lacions objecte de servei, b\u00e9 a trav\u00e9s del manteniment preventiu o correctiu.<\/p>\n\n<p>Si esteu interessats que us oferim un servei excel \u00b7 lent a les portes autom\u00e0tiques no deixeu de <a href=\"mailto:fain@fainpuertas.com\">contactar &#8211; nos<\/a> . Estem a la vostra disposici\u00f3. <\/p>\n","protected":false},"excerpt":{"rendered":"<p>NOU CONTRACTE A CENTRES D&#8217;OCUPACI\u00d3 DE LA COMUNITAT DE MADRID Recentment FAIN PORTES ha estat adjudicat\u00e0ria del servei de manteniment i conservaci\u00f3 de les portes autom\u00e0tiques de tots els centres de treball de la Comunitat de Madrid. Es tracta d&#8217;un contracte que inclou el manteniment preventiu i correctiu de les portes autom\u00e0tiques a totes les [&hellip;]<\/p>\n","protected":false},"author":110120,"featured_media":38345,"parent":0,"menu_order":0,"template":"","class_list":["post-38343","blog_puertas","type-blog_puertas","status-publish","has-post-thumbnail","hentry"],"acf":[],"yoast_head":"<!-- This site is optimized with the Yoast SEO plugin v27.4 - https:\/\/yoast.com\/product\/yoast-seo-wordpress\/ -->\n<title>Nou contracte a centres d&#039;ocupaci\u00f3 de la Comunitat de Madrid - FAIN<\/title>\n<meta name=\"robots\" content=\"index, follow, max-snippet:-1, max-image-preview:large, max-video-preview:-1\" \/>\n<link rel=\"canonical\" href=\"https:\/\/fain.es\/ca\/puertas\/blog\/nou-contracte-a-centres-docupacio-de-la-comunitat-de-madrid\/\" \/>\n<meta property=\"og:locale\" content=\"ca_ES\" \/>\n<meta property=\"og:type\" content=\"article\" \/>\n<meta property=\"og:title\" content=\"Nou contracte a centres d&#039;ocupaci\u00f3 de la Comunitat de Madrid - FAIN\" \/>\n<meta property=\"og:description\" content=\"NOU CONTRACTE A CENTRES D&#8217;OCUPACI\u00d3 DE LA COMUNITAT DE MADRID Recentment FAIN PORTES ha estat adjudicat\u00e0ria del servei de manteniment i conservaci\u00f3 de les portes autom\u00e0tiques de tots els centres de treball de la Comunitat de Madrid. Es tracta d&#8217;un contracte que inclou el manteniment preventiu i correctiu de les portes autom\u00e0tiques a totes les [&hellip;]\" \/>\n<meta property=\"og:url\" content=\"https:\/\/fain.es\/ca\/puertas\/blog\/nou-contracte-a-centres-docupacio-de-la-comunitat-de-madrid\/\" \/>\n<meta property=\"og:site_name\" content=\"FAIN\" \/>\n<meta property=\"article:modified_time\" content=\"2025-12-11T08:25:39+00:00\" \/>\n<meta property=\"og:image\" content=\"https:\/\/fain.es\/wp-content\/uploads\/2023\/02\/foto-sedes-empleo.jpg\" \/>\n\t<meta property=\"og:image:width\" content=\"1300\" \/>\n\t<meta property=\"og:image:height\" content=\"731\" \/>\n\t<meta property=\"og:image:type\" content=\"image\/jpeg\" \/>\n<meta name=\"twitter:card\" content=\"summary_large_image\" \/>\n<meta name=\"twitter:label1\" content=\"Temps estimat de lectura\" \/>\n\t<meta name=\"twitter:data1\" content=\"1 minut\" \/>\n<script type=\"application\/ld+json\" class=\"yoast-schema-graph\">{\"@context\":\"https:\\\/\\\/schema.org\",\"@graph\":[{\"@type\":\"WebPage\",\"@id\":\"https:\\\/\\\/fain.es\\\/ca\\\/puertas\\\/blog\\\/nou-contracte-a-centres-docupacio-de-la-comunitat-de-madrid\\\/\",\"url\":\"https:\\\/\\\/fain.es\\\/ca\\\/puertas\\\/blog\\\/nou-contracte-a-centres-docupacio-de-la-comunitat-de-madrid\\\/\",\"name\":\"Nou contracte a centres d'ocupaci\u00f3 de la Comunitat de Madrid - FAIN\",\"isPartOf\":{\"@id\":\"https:\\\/\\\/fain.es\\\/ca\\\/#website\"},\"primaryImageOfPage\":{\"@id\":\"https:\\\/\\\/fain.es\\\/ca\\\/puertas\\\/blog\\\/nou-contracte-a-centres-docupacio-de-la-comunitat-de-madrid\\\/#primaryimage\"},\"image\":{\"@id\":\"https:\\\/\\\/fain.es\\\/ca\\\/puertas\\\/blog\\\/nou-contracte-a-centres-docupacio-de-la-comunitat-de-madrid\\\/#primaryimage\"},\"thumbnailUrl\":\"https:\\\/\\\/fain.es\\\/wp-content\\\/uploads\\\/2023\\\/02\\\/foto-sedes-empleo.jpg\",\"datePublished\":\"2025-12-11T08:25:38+00:00\",\"dateModified\":\"2025-12-11T08:25:39+00:00\",\"breadcrumb\":{\"@id\":\"https:\\\/\\\/fain.es\\\/ca\\\/puertas\\\/blog\\\/nou-contracte-a-centres-docupacio-de-la-comunitat-de-madrid\\\/#breadcrumb\"},\"inLanguage\":\"ca\",\"potentialAction\":[{\"@type\":\"ReadAction\",\"target\":[\"https:\\\/\\\/fain.es\\\/ca\\\/puertas\\\/blog\\\/nou-contracte-a-centres-docupacio-de-la-comunitat-de-madrid\\\/\"]}]},{\"@type\":\"ImageObject\",\"inLanguage\":\"ca\",\"@id\":\"https:\\\/\\\/fain.es\\\/ca\\\/puertas\\\/blog\\\/nou-contracte-a-centres-docupacio-de-la-comunitat-de-madrid\\\/#primaryimage\",\"url\":\"https:\\\/\\\/fain.es\\\/wp-content\\\/uploads\\\/2023\\\/02\\\/foto-sedes-empleo.jpg\",\"contentUrl\":\"https:\\\/\\\/fain.es\\\/wp-content\\\/uploads\\\/2023\\\/02\\\/foto-sedes-empleo.jpg\",\"width\":1300,\"height\":731,\"caption\":\"Oficina de Empleo en Madrid.\"},{\"@type\":\"BreadcrumbList\",\"@id\":\"https:\\\/\\\/fain.es\\\/ca\\\/puertas\\\/blog\\\/nou-contracte-a-centres-docupacio-de-la-comunitat-de-madrid\\\/#breadcrumb\",\"itemListElement\":[{\"@type\":\"ListItem\",\"position\":1,\"name\":\"Portada\",\"item\":\"https:\\\/\\\/fain.es\\\/ca\\\/fain-ascensors\\\/\"},{\"@type\":\"ListItem\",\"position\":2,\"name\":\"Nou contracte a centres d&#8217;ocupaci\u00f3 de la Comunitat de Madrid\"}]},{\"@type\":\"WebSite\",\"@id\":\"https:\\\/\\\/fain.es\\\/ca\\\/#website\",\"url\":\"https:\\\/\\\/fain.es\\\/ca\\\/\",\"name\":\"FAIN\",\"description\":\"\",\"potentialAction\":[{\"@type\":\"SearchAction\",\"target\":{\"@type\":\"EntryPoint\",\"urlTemplate\":\"https:\\\/\\\/fain.es\\\/ca\\\/?s={search_term_string}\"},\"query-input\":{\"@type\":\"PropertyValueSpecification\",\"valueRequired\":true,\"valueName\":\"search_term_string\"}}],\"inLanguage\":\"ca\"}]}<\/script>\n<!-- \/ Yoast SEO plugin. -->","yoast_head_json":{"title":"Nou contracte a centres d'ocupaci\u00f3 de la Comunitat de Madrid - FAIN","robots":{"index":"index","follow":"follow","max-snippet":"max-snippet:-1","max-image-preview":"max-image-preview:large","max-video-preview":"max-video-preview:-1"},"canonical":"https:\/\/fain.es\/ca\/puertas\/blog\/nou-contracte-a-centres-docupacio-de-la-comunitat-de-madrid\/","og_locale":"ca_ES","og_type":"article","og_title":"Nou contracte a centres d'ocupaci\u00f3 de la Comunitat de Madrid - FAIN","og_description":"NOU CONTRACTE A CENTRES D&#8217;OCUPACI\u00d3 DE LA COMUNITAT DE MADRID Recentment FAIN PORTES ha estat adjudicat\u00e0ria del servei de manteniment i conservaci\u00f3 de les portes autom\u00e0tiques de tots els centres de treball de la Comunitat de Madrid. Es tracta d&#8217;un contracte que inclou el manteniment preventiu i correctiu de les portes autom\u00e0tiques a totes les [&hellip;]","og_url":"https:\/\/fain.es\/ca\/puertas\/blog\/nou-contracte-a-centres-docupacio-de-la-comunitat-de-madrid\/","og_site_name":"FAIN","article_modified_time":"2025-12-11T08:25:39+00:00","og_image":[{"width":1300,"height":731,"url":"https:\/\/fain.es\/wp-content\/uploads\/2023\/02\/foto-sedes-empleo.jpg","type":"image\/jpeg"}],"twitter_card":"summary_large_image","twitter_misc":{"Temps estimat de lectura":"1 minut"},"schema":{"@context":"https:\/\/schema.org","@graph":[{"@type":"WebPage","@id":"https:\/\/fain.es\/ca\/puertas\/blog\/nou-contracte-a-centres-docupacio-de-la-comunitat-de-madrid\/","url":"https:\/\/fain.es\/ca\/puertas\/blog\/nou-contracte-a-centres-docupacio-de-la-comunitat-de-madrid\/","name":"Nou contracte a centres d'ocupaci\u00f3 de la Comunitat de Madrid - FAIN","isPartOf":{"@id":"https:\/\/fain.es\/ca\/#website"},"primaryImageOfPage":{"@id":"https:\/\/fain.es\/ca\/puertas\/blog\/nou-contracte-a-centres-docupacio-de-la-comunitat-de-madrid\/#primaryimage"},"image":{"@id":"https:\/\/fain.es\/ca\/puertas\/blog\/nou-contracte-a-centres-docupacio-de-la-comunitat-de-madrid\/#primaryimage"},"thumbnailUrl":"https:\/\/fain.es\/wp-content\/uploads\/2023\/02\/foto-sedes-empleo.jpg","datePublished":"2025-12-11T08:25:38+00:00","dateModified":"2025-12-11T08:25:39+00:00","breadcrumb":{"@id":"https:\/\/fain.es\/ca\/puertas\/blog\/nou-contracte-a-centres-docupacio-de-la-comunitat-de-madrid\/#breadcrumb"},"inLanguage":"ca","potentialAction":[{"@type":"ReadAction","target":["https:\/\/fain.es\/ca\/puertas\/blog\/nou-contracte-a-centres-docupacio-de-la-comunitat-de-madrid\/"]}]},{"@type":"ImageObject","inLanguage":"ca","@id":"https:\/\/fain.es\/ca\/puertas\/blog\/nou-contracte-a-centres-docupacio-de-la-comunitat-de-madrid\/#primaryimage","url":"https:\/\/fain.es\/wp-content\/uploads\/2023\/02\/foto-sedes-empleo.jpg","contentUrl":"https:\/\/fain.es\/wp-content\/uploads\/2023\/02\/foto-sedes-empleo.jpg","width":1300,"height":731,"caption":"Oficina de Empleo en Madrid."},{"@type":"BreadcrumbList","@id":"https:\/\/fain.es\/ca\/puertas\/blog\/nou-contracte-a-centres-docupacio-de-la-comunitat-de-madrid\/#breadcrumb","itemListElement":[{"@type":"ListItem","position":1,"name":"Portada","item":"https:\/\/fain.es\/ca\/fain-ascensors\/"},{"@type":"ListItem","position":2,"name":"Nou contracte a centres d&#8217;ocupaci\u00f3 de la Comunitat de Madrid"}]},{"@type":"WebSite","@id":"https:\/\/fain.es\/ca\/#website","url":"https:\/\/fain.es\/ca\/","name":"FAIN","description":"","potentialAction":[{"@type":"SearchAction","target":{"@type":"EntryPoint","urlTemplate":"https:\/\/fain.es\/ca\/?s={search_term_string}"},"query-input":{"@type":"PropertyValueSpecification","valueRequired":true,"valueName":"search_term_string"}}],"inLanguage":"ca"}]}},"_links":{"self":[{"href":"https:\/\/fain.es\/ca\/wp-json\/wp\/v2\/blog_puertas\/38343","targetHints":{"allow":["GET"]}}],"collection":[{"href":"https:\/\/fain.es\/ca\/wp-json\/wp\/v2\/blog_puertas"}],"about":[{"href":"https:\/\/fain.es\/ca\/wp-json\/wp\/v2\/types\/blog_puertas"}],"author":[{"embeddable":true,"href":"https:\/\/fain.es\/ca\/wp-json\/wp\/v2\/users\/110120"}],"version-history":[{"count":2,"href":"https:\/\/fain.es\/ca\/wp-json\/wp\/v2\/blog_puertas\/38343\/revisions"}],"predecessor-version":[{"id":38348,"href":"https:\/\/fain.es\/ca\/wp-json\/wp\/v2\/blog_puertas\/38343\/revisions\/38348"}],"wp:featuredmedia":[{"embeddable":true,"href":"https:\/\/fain.es\/ca\/wp-json\/wp\/v2\/media\/38345"}],"wp:attachment":[{"href":"https:\/\/fain.es\/ca\/wp-json\/wp\/v2\/media?parent=38343"}],"curies":[{"name":"wp","href":"https:\/\/api.w.org\/{rel}","templated":true}]}}