{"id":38340,"date":"2025-12-11T09:25:37","date_gmt":"2025-12-11T08:25:37","guid":{"rendered":"https:\/\/fain.es\/puertas\/blog\/quant-costa-installar-una-porta-de-garatge-i-quina-sera-la-seva-vida-util\/"},"modified":"2025-12-11T09:25:42","modified_gmt":"2025-12-11T08:25:42","slug":"quant-costa-installar-una-porta-de-garatge-i-quina-sera-la-seva-vida-util","status":"publish","type":"blog_puertas","link":"https:\/\/fain.es\/ca\/puertas\/blog\/quant-costa-installar-una-porta-de-garatge-i-quina-sera-la-seva-vida-util\/","title":{"rendered":"Quant costa instal\u00b7lar una porta de garatge, i quina ser\u00e0 la seva vida \u00fatil?"},"content":{"rendered":"\n<p>Una de les primeres preguntes que ens fem abans d&#8217;instal\u00b7lar una porta de garatge \u00e9s: <strong>Quants diners em costaran?<\/strong><\/p>\n\n<p>\u00d2bviament, no hi ha una resposta \u00fanica, ja que el cost dependr\u00e0 de diversos factors: la mida de la porta, si tindr\u00e0 un \u00fas residencial o condominial, la tipologia d&#8217;automatismes, etc.<\/p>\n\n<p>Tot i aix\u00f2, perqu\u00e8 et facis una idea, el preu de les portes autom\u00e0tiques de garatge sol situar-se en una forquilla econ\u00f2mica d&#8217; <strong>entre els 3.500 \u20ac i els 5.000 \u20ac<\/strong> .<\/p>\n\n<p>Aquest desemborsament inicial no ho has de veure com una despesa, sin\u00f3 com una inversi\u00f3 a llarg termini. Perqu\u00e8, si les cuides, les portes duraran molts anys. <\/p>\n\n<h2 class=\"wp-block-heading\">Quant de temps dura una porta de garatge?<\/h2>\n\n<p>El temps de durabilitat duna porta est\u00e0 marcat fonamentalment per dos<br\/> variables:<\/p>\n\n<ul class=\"wp-block-list\">\n<li>La <strong>qualitat dels materials<\/strong> que s&#8217;hagin utilitzat per fabricar-los. I no nom\u00e9s els materials del propi full, sin\u00f3 tamb\u00e9 els dels automatismes emprats. <\/li>\n\n\n\n<li>El <strong>servei de manteniment peri\u00f2dic<\/strong> de qu\u00e8 sigui objecte la mateixa i la qualitat del mateix.<\/li>\n<\/ul>\n\n<p>Totes dues variables, de manera conjunta, poden fer que la durada d&#8217;una porta pugui superar els <strong>30 anys<\/strong> amb alguna substituci\u00f3 puntual d&#8217;elements fungibles.<\/p>\n\n<figure class=\"wp-block-image size-full\"><img loading=\"lazy\" decoding=\"async\" width=\"2560\" height=\"1443\" src=\"https:\/\/fain.es\/wp-content\/uploads\/2023\/04\/Foto_Puerta-scaled.jpeg\" alt=\"\" class=\"wp-image-25486\" srcset=\"https:\/\/fain.es\/wp-content\/uploads\/2023\/04\/Foto_Puerta-scaled.jpeg 2560w, https:\/\/fain.es\/wp-content\/uploads\/2023\/04\/Foto_Puerta-768x433.jpeg 768w, https:\/\/fain.es\/wp-content\/uploads\/2023\/04\/Foto_Puerta-1536x866.jpeg 1536w, https:\/\/fain.es\/wp-content\/uploads\/2023\/04\/Foto_Puerta-2048x1154.jpeg 2048w\" sizes=\"auto, (max-width: 2560px) 100vw, 2560px\" \/><\/figure>\n\n<h2 class=\"wp-block-heading\">La import\u00e0ncia del manteniment preventiu<\/h2>\n\n<p>La millor manera de mantenir la nostra porta de garatge en bon estat \u00e9s mitjan\u00e7ant un servei de manteniment preventiu peri\u00f2dic que ens permeti, entre altres coses:<\/p>\n\n<ul class=\"wp-block-list\">\n<li>Verificar el funcionament correcte de la <strong>instal\u00b7laci\u00f3<\/strong><\/li>\n\n\n\n<li>Lubricar aquelles parts que estiguin sotmeses a <strong>fregament<\/strong><\/li>\n\n\n\n<li>Comprovar el funcionament correcte dels <strong>dispositius de seguretat<\/strong><\/li>\n<\/ul>\n\n<h2 class=\"wp-block-heading\">Reparacions: manteniment correctiu<\/h2>\n\n<p>Per atendre incid\u00e8ncies de manteniment correctiu que pugui tenir la porta, el millor \u00e9s acudir a un servei t\u00e8cnic especialitzat en portes de garatge perqu\u00e8 pugui avaluar la incid\u00e8ncia i realitzar les operacions pertinents de manteniment correctiu <strong>reactiu<\/strong> o, si escau, <strong>modificatiu<\/strong> . Atendre aquest tipus d&#8217;avisos no \u00e9s a l&#8217;abast de qualsevol; es requereixen uns m\u00ednims coneixements en mat\u00e8ria de<br\/> electr\u00f2nica, serralleria i soldadura perqu\u00e8 la porta quedi correctament reparada. <\/p>\n\n<p>Si busques una empresa s\u00f2lida per a la instal\u00b7laci\u00f3, manteniment o modernitzaci\u00f3 del teu ascensor, ets al lloc adequat! Perqu\u00e8, sota el paraigua del prestigi\u00f3s Grup FAIN, a <strong>FAIN Puertas<\/strong> ens hem especialitzat en portes autom\u00e0tiques industrials, comercials i de garatge. <\/p>\n\n<p>Ens importa la teva seguretat, confort i qualitat de vida. A tu tamb\u00e9? Si \u00e9s aix\u00ed, <a href=\"https:\/\/fain.es\/puertas\/home\/\" target=\"_blank\" rel=\"noreferrer noopener\">coneix-nos<\/a> millor i <a href=\"https:\/\/fain.es\/puertas\/contacto\/\">explica&#8217;ns<\/a> quines s\u00f3n exactament les teves necessitats.  <\/p>\n\n<p>T&#8217;esperem!<\/p>\n","protected":false},"excerpt":{"rendered":"<p>Una de les primeres preguntes que ens fem abans d&#8217;instal\u00b7lar una porta de garatge \u00e9s: Quants diners em costaran? \u00d2bviament, no hi ha una resposta \u00fanica, ja que el cost dependr\u00e0 de diversos factors: la mida de la porta, si tindr\u00e0 un \u00fas residencial o condominial, la tipologia d&#8217;automatismes, etc. Tot i aix\u00f2, perqu\u00e8 et [&hellip;]<\/p>\n","protected":false},"author":110120,"featured_media":38342,"parent":0,"menu_order":0,"template":"","class_list":["post-38340","blog_puertas","type-blog_puertas","status-publish","has-post-thumbnail","hentry"],"acf":[],"yoast_head":"<!-- This site is optimized with the Yoast SEO plugin v27.4 - https:\/\/yoast.com\/product\/yoast-seo-wordpress\/ -->\n<title>Quant costa instal\u00b7lar una porta de garatge, i quina ser\u00e0 la seva vida \u00fatil? - FAIN<\/title>\n<meta name=\"robots\" content=\"index, follow, max-snippet:-1, max-image-preview:large, max-video-preview:-1\" \/>\n<link rel=\"canonical\" href=\"https:\/\/fain.es\/ca\/puertas\/blog\/quant-costa-installar-una-porta-de-garatge-i-quina-sera-la-seva-vida-util\/\" \/>\n<meta property=\"og:locale\" content=\"ca_ES\" \/>\n<meta property=\"og:type\" content=\"article\" \/>\n<meta property=\"og:title\" content=\"Quant costa instal\u00b7lar una porta de garatge, i quina ser\u00e0 la seva vida \u00fatil? - FAIN\" \/>\n<meta property=\"og:description\" content=\"Una de les primeres preguntes que ens fem abans d&#8217;instal\u00b7lar una porta de garatge \u00e9s: Quants diners em costaran? \u00d2bviament, no hi ha una resposta \u00fanica, ja que el cost dependr\u00e0 de diversos factors: la mida de la porta, si tindr\u00e0 un \u00fas residencial o condominial, la tipologia d&#8217;automatismes, etc. Tot i aix\u00f2, perqu\u00e8 et [&hellip;]\" \/>\n<meta property=\"og:url\" content=\"https:\/\/fain.es\/ca\/puertas\/blog\/quant-costa-installar-una-porta-de-garatge-i-quina-sera-la-seva-vida-util\/\" \/>\n<meta property=\"og:site_name\" content=\"FAIN\" \/>\n<meta property=\"article:modified_time\" content=\"2025-12-11T08:25:42+00:00\" \/>\n<meta property=\"og:image\" content=\"https:\/\/fain.es\/wp-content\/uploads\/2023\/04\/FAIN_Puertas-1-scaled.jpg\" \/>\n\t<meta property=\"og:image:width\" content=\"2560\" \/>\n\t<meta property=\"og:image:height\" content=\"1216\" \/>\n\t<meta property=\"og:image:type\" content=\"image\/jpeg\" \/>\n<meta name=\"twitter:card\" content=\"summary_large_image\" \/>\n<meta name=\"twitter:label1\" content=\"Temps estimat de lectura\" \/>\n\t<meta name=\"twitter:data1\" content=\"2 minuts\" \/>\n<script type=\"application\/ld+json\" class=\"yoast-schema-graph\">{\"@context\":\"https:\\\/\\\/schema.org\",\"@graph\":[{\"@type\":\"WebPage\",\"@id\":\"https:\\\/\\\/fain.es\\\/ca\\\/puertas\\\/blog\\\/quant-costa-installar-una-porta-de-garatge-i-quina-sera-la-seva-vida-util\\\/\",\"url\":\"https:\\\/\\\/fain.es\\\/ca\\\/puertas\\\/blog\\\/quant-costa-installar-una-porta-de-garatge-i-quina-sera-la-seva-vida-util\\\/\",\"name\":\"Quant costa instal\u00b7lar una porta de garatge, i quina ser\u00e0 la seva vida \u00fatil? - FAIN\",\"isPartOf\":{\"@id\":\"https:\\\/\\\/fain.es\\\/ca\\\/#website\"},\"primaryImageOfPage\":{\"@id\":\"https:\\\/\\\/fain.es\\\/ca\\\/puertas\\\/blog\\\/quant-costa-installar-una-porta-de-garatge-i-quina-sera-la-seva-vida-util\\\/#primaryimage\"},\"image\":{\"@id\":\"https:\\\/\\\/fain.es\\\/ca\\\/puertas\\\/blog\\\/quant-costa-installar-una-porta-de-garatge-i-quina-sera-la-seva-vida-util\\\/#primaryimage\"},\"thumbnailUrl\":\"https:\\\/\\\/fain.es\\\/wp-content\\\/uploads\\\/2023\\\/04\\\/FAIN_Puertas-1-scaled.jpg\",\"datePublished\":\"2025-12-11T08:25:37+00:00\",\"dateModified\":\"2025-12-11T08:25:42+00:00\",\"breadcrumb\":{\"@id\":\"https:\\\/\\\/fain.es\\\/ca\\\/puertas\\\/blog\\\/quant-costa-installar-una-porta-de-garatge-i-quina-sera-la-seva-vida-util\\\/#breadcrumb\"},\"inLanguage\":\"ca\",\"potentialAction\":[{\"@type\":\"ReadAction\",\"target\":[\"https:\\\/\\\/fain.es\\\/ca\\\/puertas\\\/blog\\\/quant-costa-installar-una-porta-de-garatge-i-quina-sera-la-seva-vida-util\\\/\"]}]},{\"@type\":\"ImageObject\",\"inLanguage\":\"ca\",\"@id\":\"https:\\\/\\\/fain.es\\\/ca\\\/puertas\\\/blog\\\/quant-costa-installar-una-porta-de-garatge-i-quina-sera-la-seva-vida-util\\\/#primaryimage\",\"url\":\"https:\\\/\\\/fain.es\\\/wp-content\\\/uploads\\\/2023\\\/04\\\/FAIN_Puertas-1-scaled.jpg\",\"contentUrl\":\"https:\\\/\\\/fain.es\\\/wp-content\\\/uploads\\\/2023\\\/04\\\/FAIN_Puertas-1-scaled.jpg\",\"width\":2560,\"height\":1216,\"caption\":\"Profesional de FAIN junto a veh\u00edculo corporativo\"},{\"@type\":\"BreadcrumbList\",\"@id\":\"https:\\\/\\\/fain.es\\\/ca\\\/puertas\\\/blog\\\/quant-costa-installar-una-porta-de-garatge-i-quina-sera-la-seva-vida-util\\\/#breadcrumb\",\"itemListElement\":[{\"@type\":\"ListItem\",\"position\":1,\"name\":\"Portada\",\"item\":\"https:\\\/\\\/fain.es\\\/ca\\\/fain-ascensors\\\/\"},{\"@type\":\"ListItem\",\"position\":2,\"name\":\"Quant costa instal\u00b7lar una porta de garatge, i quina ser\u00e0 la seva vida \u00fatil?\"}]},{\"@type\":\"WebSite\",\"@id\":\"https:\\\/\\\/fain.es\\\/ca\\\/#website\",\"url\":\"https:\\\/\\\/fain.es\\\/ca\\\/\",\"name\":\"FAIN\",\"description\":\"\",\"potentialAction\":[{\"@type\":\"SearchAction\",\"target\":{\"@type\":\"EntryPoint\",\"urlTemplate\":\"https:\\\/\\\/fain.es\\\/ca\\\/?s={search_term_string}\"},\"query-input\":{\"@type\":\"PropertyValueSpecification\",\"valueRequired\":true,\"valueName\":\"search_term_string\"}}],\"inLanguage\":\"ca\"}]}<\/script>\n<!-- \/ Yoast SEO plugin. -->","yoast_head_json":{"title":"Quant costa instal\u00b7lar una porta de garatge, i quina ser\u00e0 la seva vida \u00fatil? - FAIN","robots":{"index":"index","follow":"follow","max-snippet":"max-snippet:-1","max-image-preview":"max-image-preview:large","max-video-preview":"max-video-preview:-1"},"canonical":"https:\/\/fain.es\/ca\/puertas\/blog\/quant-costa-installar-una-porta-de-garatge-i-quina-sera-la-seva-vida-util\/","og_locale":"ca_ES","og_type":"article","og_title":"Quant costa instal\u00b7lar una porta de garatge, i quina ser\u00e0 la seva vida \u00fatil? - FAIN","og_description":"Una de les primeres preguntes que ens fem abans d&#8217;instal\u00b7lar una porta de garatge \u00e9s: Quants diners em costaran? \u00d2bviament, no hi ha una resposta \u00fanica, ja que el cost dependr\u00e0 de diversos factors: la mida de la porta, si tindr\u00e0 un \u00fas residencial o condominial, la tipologia d&#8217;automatismes, etc. Tot i aix\u00f2, perqu\u00e8 et [&hellip;]","og_url":"https:\/\/fain.es\/ca\/puertas\/blog\/quant-costa-installar-una-porta-de-garatge-i-quina-sera-la-seva-vida-util\/","og_site_name":"FAIN","article_modified_time":"2025-12-11T08:25:42+00:00","og_image":[{"width":2560,"height":1216,"url":"https:\/\/fain.es\/wp-content\/uploads\/2023\/04\/FAIN_Puertas-1-scaled.jpg","type":"image\/jpeg"}],"twitter_card":"summary_large_image","twitter_misc":{"Temps estimat de lectura":"2 minuts"},"schema":{"@context":"https:\/\/schema.org","@graph":[{"@type":"WebPage","@id":"https:\/\/fain.es\/ca\/puertas\/blog\/quant-costa-installar-una-porta-de-garatge-i-quina-sera-la-seva-vida-util\/","url":"https:\/\/fain.es\/ca\/puertas\/blog\/quant-costa-installar-una-porta-de-garatge-i-quina-sera-la-seva-vida-util\/","name":"Quant costa instal\u00b7lar una porta de garatge, i quina ser\u00e0 la seva vida \u00fatil? - FAIN","isPartOf":{"@id":"https:\/\/fain.es\/ca\/#website"},"primaryImageOfPage":{"@id":"https:\/\/fain.es\/ca\/puertas\/blog\/quant-costa-installar-una-porta-de-garatge-i-quina-sera-la-seva-vida-util\/#primaryimage"},"image":{"@id":"https:\/\/fain.es\/ca\/puertas\/blog\/quant-costa-installar-una-porta-de-garatge-i-quina-sera-la-seva-vida-util\/#primaryimage"},"thumbnailUrl":"https:\/\/fain.es\/wp-content\/uploads\/2023\/04\/FAIN_Puertas-1-scaled.jpg","datePublished":"2025-12-11T08:25:37+00:00","dateModified":"2025-12-11T08:25:42+00:00","breadcrumb":{"@id":"https:\/\/fain.es\/ca\/puertas\/blog\/quant-costa-installar-una-porta-de-garatge-i-quina-sera-la-seva-vida-util\/#breadcrumb"},"inLanguage":"ca","potentialAction":[{"@type":"ReadAction","target":["https:\/\/fain.es\/ca\/puertas\/blog\/quant-costa-installar-una-porta-de-garatge-i-quina-sera-la-seva-vida-util\/"]}]},{"@type":"ImageObject","inLanguage":"ca","@id":"https:\/\/fain.es\/ca\/puertas\/blog\/quant-costa-installar-una-porta-de-garatge-i-quina-sera-la-seva-vida-util\/#primaryimage","url":"https:\/\/fain.es\/wp-content\/uploads\/2023\/04\/FAIN_Puertas-1-scaled.jpg","contentUrl":"https:\/\/fain.es\/wp-content\/uploads\/2023\/04\/FAIN_Puertas-1-scaled.jpg","width":2560,"height":1216,"caption":"Profesional de FAIN junto a veh\u00edculo corporativo"},{"@type":"BreadcrumbList","@id":"https:\/\/fain.es\/ca\/puertas\/blog\/quant-costa-installar-una-porta-de-garatge-i-quina-sera-la-seva-vida-util\/#breadcrumb","itemListElement":[{"@type":"ListItem","position":1,"name":"Portada","item":"https:\/\/fain.es\/ca\/fain-ascensors\/"},{"@type":"ListItem","position":2,"name":"Quant costa instal\u00b7lar una porta de garatge, i quina ser\u00e0 la seva vida \u00fatil?"}]},{"@type":"WebSite","@id":"https:\/\/fain.es\/ca\/#website","url":"https:\/\/fain.es\/ca\/","name":"FAIN","description":"","potentialAction":[{"@type":"SearchAction","target":{"@type":"EntryPoint","urlTemplate":"https:\/\/fain.es\/ca\/?s={search_term_string}"},"query-input":{"@type":"PropertyValueSpecification","valueRequired":true,"valueName":"search_term_string"}}],"inLanguage":"ca"}]}},"_links":{"self":[{"href":"https:\/\/fain.es\/ca\/wp-json\/wp\/v2\/blog_puertas\/38340","targetHints":{"allow":["GET"]}}],"collection":[{"href":"https:\/\/fain.es\/ca\/wp-json\/wp\/v2\/blog_puertas"}],"about":[{"href":"https:\/\/fain.es\/ca\/wp-json\/wp\/v2\/types\/blog_puertas"}],"author":[{"embeddable":true,"href":"https:\/\/fain.es\/ca\/wp-json\/wp\/v2\/users\/110120"}],"version-history":[{"count":2,"href":"https:\/\/fain.es\/ca\/wp-json\/wp\/v2\/blog_puertas\/38340\/revisions"}],"predecessor-version":[{"id":38346,"href":"https:\/\/fain.es\/ca\/wp-json\/wp\/v2\/blog_puertas\/38340\/revisions\/38346"}],"wp:featuredmedia":[{"embeddable":true,"href":"https:\/\/fain.es\/ca\/wp-json\/wp\/v2\/media\/38342"}],"wp:attachment":[{"href":"https:\/\/fain.es\/ca\/wp-json\/wp\/v2\/media?parent=38340"}],"curies":[{"name":"wp","href":"https:\/\/api.w.org\/{rel}","templated":true}]}}