{"id":38333,"date":"2025-12-11T09:25:36","date_gmt":"2025-12-11T08:25:36","guid":{"rendered":"https:\/\/fain.es\/puertas\/blog\/necessites-installar-portes-automatiques-coneix-els-materials-i-les-mides-per-fer-ho\/"},"modified":"2025-12-11T09:25:41","modified_gmt":"2025-12-11T08:25:41","slug":"necessites-installar-portes-automatiques-coneix-els-materials-i-les-mides-per-fer-ho","status":"publish","type":"blog_puertas","link":"https:\/\/fain.es\/ca\/puertas\/blog\/necessites-installar-portes-automatiques-coneix-els-materials-i-les-mides-per-fer-ho\/","title":{"rendered":"Necessites instal\u00b7lar portes autom\u00e0tiques? Coneix els materials i les mides per fer-ho!"},"content":{"rendered":"\n<p>A l&#8217;octubre del 2021 neix <strong>FAIN PUERTAS SL<\/strong> , una empresa del Grup FAIN que recull tota l&#8217;experi\u00e8ncia de FAIN ASCENSORES i l&#8217;aplica al servei de portes autom\u00e0tiques industrials, comercials i de garatge, amb independ\u00e8ncia de la seva tipologia, model i marca.<\/p>\n\n<p>Els <strong>constants canvis normatius<\/strong> i la cada cop m\u00e9s exigent reglamentaci\u00f3 per a la seguretat de les portes autom\u00e0tiques ens van animar a crear aquesta nova companyia que, des de llavors, vetlla per garantir el millor, m\u00e9s eficient i m\u00e9s segur servei del sector.<\/p>\n\n<p>No en va, actualment hi ha tota <strong>una plantilla dedicada en exclusiva<\/strong> a la instal\u00b7laci\u00f3, reparaci\u00f3 i manteniment de portes autom\u00e0tiques.<\/p>\n\n<p>Per\u00f2 quins coneixements tens sobre aquests productes? Necessites instal\u00b7lar unes portes i ni tan sols saps de quin material estan fetes? T&#8217;ajudem!  <\/p>\n\n<h2 class=\"wp-block-heading\">Material: Ferro o acer?<\/h2>\n\n<p>El material amb qu\u00e8 han d&#8217;estar fabricades les nostres portes dep\u00e8n, \u00e9s clar, de l&#8217;\u00fas que li donem:<\/p>\n\n<ul class=\"wp-block-list\">\n<li>Normalment, a Comunitats de Propietaris de m\u00e9s de 10 places s&#8217;ha d&#8217;instal\u00b7lar una porta de garatge d&#8217;\u00fas intensiu amb automatismes preparats per a nombrosos cicles al dia, i el millor material per a aquest tipus de portes \u00e9s el <strong>ferro<\/strong> . Parlem de portes prelleves, corredisses i abatibles. <\/li>\n<\/ul>\n\n<ul class=\"wp-block-list\">\n<li>A Comunitats m\u00e9s petites (de menys de 10 places de garatge), si el buit d&#8217;obra ho permet, es pot instal\u00b7lar una porta seccional que est\u00e0 fabricada amb panells integrats per dues xapes d&#8217; <strong>acer<\/strong> galvanitzat lacades per les parts exteriors i unides entre si per escuma de poliuret\u00e0 que n&#8217;assegura la durabilitat.<\/li>\n<\/ul>\n\n<h2 class=\"wp-block-heading\">Grand\u00e0ria: Un vehicle o dos?<\/h2>\n\n<p>La mida de la porta de garatge dependr\u00e0 sobretot de si habilitar\u00e0 l&#8217;acc\u00e9s d&#8217; <strong>un sol vehicle o dos<\/strong> . Hi ha portes que s\u00f3n dentrada o sortida dun sol vehicle i hi ha altres portes que han de permetre que puguin transc\u00f3rrer simult\u00e0niament dos vehicles: un dentrada i un altre de sortida. En funci\u00f3 de l&#8217;\u00fas tenim portes d&#8217; <strong>amplada m\u00ednima d&#8217;uns 4000 mm<\/strong> i d&#8217;altres que la poden duplicar f\u00e0cilment.  <\/p>\n\n<figure class=\"wp-block-gallery has-nested-images columns-default is-cropped wp-block-gallery-1 is-layout-flex wp-block-gallery-is-layout-flex\">\n<figure class=\"wp-block-image size-large\"><img loading=\"lazy\" decoding=\"async\" width=\"2560\" height=\"1810\" data-id=\"25480\" src=\"https:\/\/fain.es\/wp-content\/uploads\/2023\/04\/211018_Fain_Puerta-rapida_HD-01-1-scaled.jpg\" alt=\"\" class=\"wp-image-25480\" srcset=\"https:\/\/fain.es\/wp-content\/uploads\/2023\/04\/211018_Fain_Puerta-rapida_HD-01-1-scaled.jpg 2560w, https:\/\/fain.es\/wp-content\/uploads\/2023\/04\/211018_Fain_Puerta-rapida_HD-01-1-768x543.jpg 768w, https:\/\/fain.es\/wp-content\/uploads\/2023\/04\/211018_Fain_Puerta-rapida_HD-01-1-1536x1086.jpg 1536w, https:\/\/fain.es\/wp-content\/uploads\/2023\/04\/211018_Fain_Puerta-rapida_HD-01-1-2048x1448.jpg 2048w\" sizes=\"auto, (max-width: 2560px) 100vw, 2560px\" \/><\/figure>\n<\/figure>\n\n<h2 class=\"wp-block-heading\">Adaptaci\u00f3 a la normativa actual<\/h2>\n\n<p>Les portes autom\u00e0tiques i barreres situades en zones accessibles a les persones o utilitzades per al pas de mercaderies i vehicles tindran <a href=\"https:\/\/europa.eu\/youreurope\/business\/product-requirements\/labels-markings\/ce-marking\/index_es.htm\" target=\"_blank\" rel=\"noreferrer noopener\">marcatge CE<\/a> de conformitat amb la norma UNE-EN 13241:2004 i la seva instal\u00b7laci\u00f3, \u00fas i manteniment s&#8217;ha de fer d&#8217;acord amb la norma UNE-EN 12635:2002+A1:2009.<\/p>\n\n<p>Has de saber que les portes que han estat instal\u00b7lades <strong>a partir del maig del 2005<\/strong> ja haurien de disposar de tots els elements de seguretat exigits per les normes esmentades. Per tant, al principi no necessitaran cap tipus dadaptaci\u00f3. <\/p>\n\n<p>Per contra, aquelles que van ser instal\u00b7lades amb anterioritat a aquesta data, probablement requeriran alguna modificaci\u00f3 important per ser dotades dels <strong>elements de seguretat m\u00ednims<\/strong> exigits per la normativa actual.<\/p>\n\n<p>A FAIN PORTES t&#8217;ho posem f\u00e0cil: adaptem les portes als nous requeriments t\u00e8cnics, millores tecnol\u00f2giques i sensoritzaci\u00f3 perqu\u00e8 les puguis utilitzar de forma segura, i sense preocupar-te per res!<\/p>\n\n<p>Si est\u00e0s pensant en instal\u00b7lar-ne unes i tens dubtes o necessites m\u00e9s informaci\u00f3, <a href=\"https:\/\/fain.es\/puertas\/contacto\/\" target=\"_blank\" rel=\"noreferrer noopener\">posa&#8217;t en contacte amb nosaltres<\/a> .<\/p>\n\n<p><strong>A FAIN Portes tamb\u00e9 estem #EntregadosATi!<\/strong><\/p>\n","protected":false},"excerpt":{"rendered":"<p>A l&#8217;octubre del 2021 neix FAIN PUERTAS SL , una empresa del Grup FAIN que recull tota l&#8217;experi\u00e8ncia de FAIN ASCENSORES i l&#8217;aplica al servei de portes autom\u00e0tiques industrials, comercials i de garatge, amb independ\u00e8ncia de la seva tipologia, model i marca. Els constants canvis normatius i la cada cop m\u00e9s exigent reglamentaci\u00f3 per a [&hellip;]<\/p>\n","protected":false},"author":110120,"featured_media":38334,"parent":0,"menu_order":0,"template":"","class_list":["post-38333","blog_puertas","type-blog_puertas","status-publish","has-post-thumbnail","hentry"],"acf":[],"yoast_head":"<!-- This site is optimized with the Yoast SEO plugin v27.4 - https:\/\/yoast.com\/product\/yoast-seo-wordpress\/ -->\n<title>Necessites instal\u00b7lar portes autom\u00e0tiques? Coneix els materials i les mides per fer-ho! - FAIN<\/title>\n<meta name=\"robots\" content=\"index, follow, max-snippet:-1, max-image-preview:large, max-video-preview:-1\" \/>\n<link rel=\"canonical\" href=\"https:\/\/fain.es\/ca\/puertas\/blog\/necessites-installar-portes-automatiques-coneix-els-materials-i-les-mides-per-fer-ho\/\" \/>\n<meta property=\"og:locale\" content=\"ca_ES\" \/>\n<meta property=\"og:type\" content=\"article\" \/>\n<meta property=\"og:title\" content=\"Necessites instal\u00b7lar portes autom\u00e0tiques? Coneix els materials i les mides per fer-ho! - FAIN\" \/>\n<meta property=\"og:description\" content=\"A l&#8217;octubre del 2021 neix FAIN PUERTAS SL , una empresa del Grup FAIN que recull tota l&#8217;experi\u00e8ncia de FAIN ASCENSORES i l&#8217;aplica al servei de portes autom\u00e0tiques industrials, comercials i de garatge, amb independ\u00e8ncia de la seva tipologia, model i marca. Els constants canvis normatius i la cada cop m\u00e9s exigent reglamentaci\u00f3 per a [&hellip;]\" \/>\n<meta property=\"og:url\" content=\"https:\/\/fain.es\/ca\/puertas\/blog\/necessites-installar-portes-automatiques-coneix-els-materials-i-les-mides-per-fer-ho\/\" \/>\n<meta property=\"og:site_name\" content=\"FAIN\" \/>\n<meta property=\"article:modified_time\" content=\"2025-12-11T08:25:41+00:00\" \/>\n<meta property=\"og:image\" content=\"https:\/\/fain.es\/wp-content\/uploads\/2023\/04\/Puerta_coche_FAIN.jpg\" \/>\n\t<meta property=\"og:image:width\" content=\"1441\" \/>\n\t<meta property=\"og:image:height\" content=\"901\" \/>\n\t<meta property=\"og:image:type\" content=\"image\/jpeg\" \/>\n<meta name=\"twitter:card\" content=\"summary_large_image\" \/>\n<meta name=\"twitter:label1\" content=\"Temps estimat de lectura\" \/>\n\t<meta name=\"twitter:data1\" content=\"3 minuts\" \/>\n<script type=\"application\/ld+json\" class=\"yoast-schema-graph\">{\"@context\":\"https:\\\/\\\/schema.org\",\"@graph\":[{\"@type\":\"WebPage\",\"@id\":\"https:\\\/\\\/fain.es\\\/ca\\\/puertas\\\/blog\\\/necessites-installar-portes-automatiques-coneix-els-materials-i-les-mides-per-fer-ho\\\/\",\"url\":\"https:\\\/\\\/fain.es\\\/ca\\\/puertas\\\/blog\\\/necessites-installar-portes-automatiques-coneix-els-materials-i-les-mides-per-fer-ho\\\/\",\"name\":\"Necessites instal\u00b7lar portes autom\u00e0tiques? Coneix els materials i les mides per fer-ho! - FAIN\",\"isPartOf\":{\"@id\":\"https:\\\/\\\/fain.es\\\/ca\\\/#website\"},\"primaryImageOfPage\":{\"@id\":\"https:\\\/\\\/fain.es\\\/ca\\\/puertas\\\/blog\\\/necessites-installar-portes-automatiques-coneix-els-materials-i-les-mides-per-fer-ho\\\/#primaryimage\"},\"image\":{\"@id\":\"https:\\\/\\\/fain.es\\\/ca\\\/puertas\\\/blog\\\/necessites-installar-portes-automatiques-coneix-els-materials-i-les-mides-per-fer-ho\\\/#primaryimage\"},\"thumbnailUrl\":\"https:\\\/\\\/fain.es\\\/wp-content\\\/uploads\\\/2023\\\/04\\\/Puerta_coche_FAIN.jpg\",\"datePublished\":\"2025-12-11T08:25:36+00:00\",\"dateModified\":\"2025-12-11T08:25:41+00:00\",\"breadcrumb\":{\"@id\":\"https:\\\/\\\/fain.es\\\/ca\\\/puertas\\\/blog\\\/necessites-installar-portes-automatiques-coneix-els-materials-i-les-mides-per-fer-ho\\\/#breadcrumb\"},\"inLanguage\":\"ca\",\"potentialAction\":[{\"@type\":\"ReadAction\",\"target\":[\"https:\\\/\\\/fain.es\\\/ca\\\/puertas\\\/blog\\\/necessites-installar-portes-automatiques-coneix-els-materials-i-les-mides-per-fer-ho\\\/\"]}]},{\"@type\":\"ImageObject\",\"inLanguage\":\"ca\",\"@id\":\"https:\\\/\\\/fain.es\\\/ca\\\/puertas\\\/blog\\\/necessites-installar-portes-automatiques-coneix-els-materials-i-les-mides-per-fer-ho\\\/#primaryimage\",\"url\":\"https:\\\/\\\/fain.es\\\/wp-content\\\/uploads\\\/2023\\\/04\\\/Puerta_coche_FAIN.jpg\",\"contentUrl\":\"https:\\\/\\\/fain.es\\\/wp-content\\\/uploads\\\/2023\\\/04\\\/Puerta_coche_FAIN.jpg\",\"width\":1441,\"height\":901,\"caption\":\"Veh\u00edculo de FAIN en zona de carga.\"},{\"@type\":\"BreadcrumbList\",\"@id\":\"https:\\\/\\\/fain.es\\\/ca\\\/puertas\\\/blog\\\/necessites-installar-portes-automatiques-coneix-els-materials-i-les-mides-per-fer-ho\\\/#breadcrumb\",\"itemListElement\":[{\"@type\":\"ListItem\",\"position\":1,\"name\":\"Portada\",\"item\":\"https:\\\/\\\/fain.es\\\/ca\\\/fain-ascensors\\\/\"},{\"@type\":\"ListItem\",\"position\":2,\"name\":\"Necessites instal\u00b7lar portes autom\u00e0tiques? Coneix els materials i les mides per fer-ho!\"}]},{\"@type\":\"WebSite\",\"@id\":\"https:\\\/\\\/fain.es\\\/ca\\\/#website\",\"url\":\"https:\\\/\\\/fain.es\\\/ca\\\/\",\"name\":\"FAIN\",\"description\":\"\",\"potentialAction\":[{\"@type\":\"SearchAction\",\"target\":{\"@type\":\"EntryPoint\",\"urlTemplate\":\"https:\\\/\\\/fain.es\\\/ca\\\/?s={search_term_string}\"},\"query-input\":{\"@type\":\"PropertyValueSpecification\",\"valueRequired\":true,\"valueName\":\"search_term_string\"}}],\"inLanguage\":\"ca\"}]}<\/script>\n<!-- \/ Yoast SEO plugin. -->","yoast_head_json":{"title":"Necessites instal\u00b7lar portes autom\u00e0tiques? Coneix els materials i les mides per fer-ho! - FAIN","robots":{"index":"index","follow":"follow","max-snippet":"max-snippet:-1","max-image-preview":"max-image-preview:large","max-video-preview":"max-video-preview:-1"},"canonical":"https:\/\/fain.es\/ca\/puertas\/blog\/necessites-installar-portes-automatiques-coneix-els-materials-i-les-mides-per-fer-ho\/","og_locale":"ca_ES","og_type":"article","og_title":"Necessites instal\u00b7lar portes autom\u00e0tiques? Coneix els materials i les mides per fer-ho! - FAIN","og_description":"A l&#8217;octubre del 2021 neix FAIN PUERTAS SL , una empresa del Grup FAIN que recull tota l&#8217;experi\u00e8ncia de FAIN ASCENSORES i l&#8217;aplica al servei de portes autom\u00e0tiques industrials, comercials i de garatge, amb independ\u00e8ncia de la seva tipologia, model i marca. Els constants canvis normatius i la cada cop m\u00e9s exigent reglamentaci\u00f3 per a [&hellip;]","og_url":"https:\/\/fain.es\/ca\/puertas\/blog\/necessites-installar-portes-automatiques-coneix-els-materials-i-les-mides-per-fer-ho\/","og_site_name":"FAIN","article_modified_time":"2025-12-11T08:25:41+00:00","og_image":[{"width":1441,"height":901,"url":"https:\/\/fain.es\/wp-content\/uploads\/2023\/04\/Puerta_coche_FAIN.jpg","type":"image\/jpeg"}],"twitter_card":"summary_large_image","twitter_misc":{"Temps estimat de lectura":"3 minuts"},"schema":{"@context":"https:\/\/schema.org","@graph":[{"@type":"WebPage","@id":"https:\/\/fain.es\/ca\/puertas\/blog\/necessites-installar-portes-automatiques-coneix-els-materials-i-les-mides-per-fer-ho\/","url":"https:\/\/fain.es\/ca\/puertas\/blog\/necessites-installar-portes-automatiques-coneix-els-materials-i-les-mides-per-fer-ho\/","name":"Necessites instal\u00b7lar portes autom\u00e0tiques? Coneix els materials i les mides per fer-ho! - FAIN","isPartOf":{"@id":"https:\/\/fain.es\/ca\/#website"},"primaryImageOfPage":{"@id":"https:\/\/fain.es\/ca\/puertas\/blog\/necessites-installar-portes-automatiques-coneix-els-materials-i-les-mides-per-fer-ho\/#primaryimage"},"image":{"@id":"https:\/\/fain.es\/ca\/puertas\/blog\/necessites-installar-portes-automatiques-coneix-els-materials-i-les-mides-per-fer-ho\/#primaryimage"},"thumbnailUrl":"https:\/\/fain.es\/wp-content\/uploads\/2023\/04\/Puerta_coche_FAIN.jpg","datePublished":"2025-12-11T08:25:36+00:00","dateModified":"2025-12-11T08:25:41+00:00","breadcrumb":{"@id":"https:\/\/fain.es\/ca\/puertas\/blog\/necessites-installar-portes-automatiques-coneix-els-materials-i-les-mides-per-fer-ho\/#breadcrumb"},"inLanguage":"ca","potentialAction":[{"@type":"ReadAction","target":["https:\/\/fain.es\/ca\/puertas\/blog\/necessites-installar-portes-automatiques-coneix-els-materials-i-les-mides-per-fer-ho\/"]}]},{"@type":"ImageObject","inLanguage":"ca","@id":"https:\/\/fain.es\/ca\/puertas\/blog\/necessites-installar-portes-automatiques-coneix-els-materials-i-les-mides-per-fer-ho\/#primaryimage","url":"https:\/\/fain.es\/wp-content\/uploads\/2023\/04\/Puerta_coche_FAIN.jpg","contentUrl":"https:\/\/fain.es\/wp-content\/uploads\/2023\/04\/Puerta_coche_FAIN.jpg","width":1441,"height":901,"caption":"Veh\u00edculo de FAIN en zona de carga."},{"@type":"BreadcrumbList","@id":"https:\/\/fain.es\/ca\/puertas\/blog\/necessites-installar-portes-automatiques-coneix-els-materials-i-les-mides-per-fer-ho\/#breadcrumb","itemListElement":[{"@type":"ListItem","position":1,"name":"Portada","item":"https:\/\/fain.es\/ca\/fain-ascensors\/"},{"@type":"ListItem","position":2,"name":"Necessites instal\u00b7lar portes autom\u00e0tiques? Coneix els materials i les mides per fer-ho!"}]},{"@type":"WebSite","@id":"https:\/\/fain.es\/ca\/#website","url":"https:\/\/fain.es\/ca\/","name":"FAIN","description":"","potentialAction":[{"@type":"SearchAction","target":{"@type":"EntryPoint","urlTemplate":"https:\/\/fain.es\/ca\/?s={search_term_string}"},"query-input":{"@type":"PropertyValueSpecification","valueRequired":true,"valueName":"search_term_string"}}],"inLanguage":"ca"}]}},"_links":{"self":[{"href":"https:\/\/fain.es\/ca\/wp-json\/wp\/v2\/blog_puertas\/38333","targetHints":{"allow":["GET"]}}],"collection":[{"href":"https:\/\/fain.es\/ca\/wp-json\/wp\/v2\/blog_puertas"}],"about":[{"href":"https:\/\/fain.es\/ca\/wp-json\/wp\/v2\/types\/blog_puertas"}],"author":[{"embeddable":true,"href":"https:\/\/fain.es\/ca\/wp-json\/wp\/v2\/users\/110120"}],"version-history":[{"count":2,"href":"https:\/\/fain.es\/ca\/wp-json\/wp\/v2\/blog_puertas\/38333\/revisions"}],"predecessor-version":[{"id":38338,"href":"https:\/\/fain.es\/ca\/wp-json\/wp\/v2\/blog_puertas\/38333\/revisions\/38338"}],"wp:featuredmedia":[{"embeddable":true,"href":"https:\/\/fain.es\/ca\/wp-json\/wp\/v2\/media\/38334"}],"wp:attachment":[{"href":"https:\/\/fain.es\/ca\/wp-json\/wp\/v2\/media?parent=38333"}],"curies":[{"name":"wp","href":"https:\/\/api.w.org\/{rel}","templated":true}]}}