{"id":38326,"date":"2025-12-11T09:25:34","date_gmt":"2025-12-11T08:25:34","guid":{"rendered":"https:\/\/fain.es\/puertas\/blog\/acord-fain-portes-secades\/"},"modified":"2025-12-11T09:25:41","modified_gmt":"2025-12-11T08:25:41","slug":"acord-fain-portes-secades","status":"publish","type":"blog_puertas","link":"https:\/\/fain.es\/ca\/puertas\/blog\/acord-fain-portes-secades\/","title":{"rendered":"Acord FAIN Portes &#8211; Secades"},"content":{"rendered":"\n<p>Recentment FAIN PUERTAS ha arribat a un important Acord amb l&#8217;empresa PORTES SECADES per adquirir el fons de comer\u00e7 i l&#8217;estructura operativa d&#8217;aquesta empresa a la Comunitat de Madrid.<\/p>\n\n<p>Portes Secades \u00e9s una empresa dedicada a la fabricaci\u00f3 de portes autom\u00e0tiques i industrials; la seva Central est\u00e0 ubicada a Burgos i, a m\u00e9s de la pr\u00f2pia fabricaci\u00f3 de portes, tamb\u00e9 reparen i automatitzen portes de garatge i de vianants.<\/p>\n\n<p>A conseq\u00fc\u00e8ncia d&#8217;aquest acord, tot l&#8217;equip Administratiu, T\u00e8cnic i Comercial de Portes Assecades pertanyent a la Delegaci\u00f3 de Madrid passa autom\u00e0ticament a integrar-se a la plantilla de FAIN PORTES a la Capital, cosa que permet enfortir l&#8217;equip de FAIN PORTES a la Comunitat de Madrid des d&#8217;on atenem tots els clients de la zona centre d&#8217;Espanya.<\/p>\n\n<p>A m\u00e9s, l&#8217;experi\u00e8ncia de Portes Secades en l&#8217;atenci\u00f3 de clients industrials ens permetr\u00e0 ampliar el nostre \u201cknow how\u201d en aquest tipus de clients i desenvolupar el servei al client a m\u00e9s sectors.<\/p>\n\n<p>Estem segurs que aquesta alian\u00e7a ens permetr\u00e0 millorar el servei que ja estem prestant als nostres clients a la zona Centre.<\/p>\n","protected":false},"excerpt":{"rendered":"<p>Recentment FAIN PUERTAS ha arribat a un important Acord amb l&#8217;empresa PORTES SECADES per adquirir el fons de comer\u00e7 i l&#8217;estructura operativa d&#8217;aquesta empresa a la Comunitat de Madrid. Portes Secades \u00e9s una empresa dedicada a la fabricaci\u00f3 de portes autom\u00e0tiques i industrials; la seva Central est\u00e0 ubicada a Burgos i, a m\u00e9s de la [&hellip;]<\/p>\n","protected":false},"author":110120,"featured_media":38328,"parent":0,"menu_order":0,"template":"","class_list":["post-38326","blog_puertas","type-blog_puertas","status-publish","has-post-thumbnail","hentry"],"acf":[],"yoast_head":"<!-- This site is optimized with the Yoast SEO plugin v27.4 - https:\/\/yoast.com\/product\/yoast-seo-wordpress\/ -->\n<title>Acord FAIN Portes - Secades - FAIN<\/title>\n<meta name=\"robots\" content=\"index, follow, max-snippet:-1, max-image-preview:large, max-video-preview:-1\" \/>\n<link rel=\"canonical\" href=\"https:\/\/fain.es\/ca\/puertas\/blog\/acord-fain-portes-secades\/\" \/>\n<meta property=\"og:locale\" content=\"ca_ES\" \/>\n<meta property=\"og:type\" content=\"article\" \/>\n<meta property=\"og:title\" content=\"Acord FAIN Portes - Secades - FAIN\" \/>\n<meta property=\"og:description\" content=\"Recentment FAIN PUERTAS ha arribat a un important Acord amb l&#8217;empresa PORTES SECADES per adquirir el fons de comer\u00e7 i l&#8217;estructura operativa d&#8217;aquesta empresa a la Comunitat de Madrid. Portes Secades \u00e9s una empresa dedicada a la fabricaci\u00f3 de portes autom\u00e0tiques i industrials; la seva Central est\u00e0 ubicada a Burgos i, a m\u00e9s de la [&hellip;]\" \/>\n<meta property=\"og:url\" content=\"https:\/\/fain.es\/ca\/puertas\/blog\/acord-fain-portes-secades\/\" \/>\n<meta property=\"og:site_name\" content=\"FAIN\" \/>\n<meta property=\"article:modified_time\" content=\"2025-12-11T08:25:41+00:00\" \/>\n<meta property=\"og:image\" content=\"https:\/\/fain.es\/wp-content\/uploads\/2023\/03\/foto-secades.jpg\" \/>\n\t<meta property=\"og:image:width\" content=\"750\" \/>\n\t<meta property=\"og:image:height\" content=\"532\" \/>\n\t<meta property=\"og:image:type\" content=\"image\/jpeg\" \/>\n<meta name=\"twitter:card\" content=\"summary_large_image\" \/>\n<meta name=\"twitter:label1\" content=\"Temps estimat de lectura\" \/>\n\t<meta name=\"twitter:data1\" content=\"1 minut\" \/>\n<script type=\"application\/ld+json\" class=\"yoast-schema-graph\">{\"@context\":\"https:\\\/\\\/schema.org\",\"@graph\":[{\"@type\":\"WebPage\",\"@id\":\"https:\\\/\\\/fain.es\\\/ca\\\/puertas\\\/blog\\\/acord-fain-portes-secades\\\/\",\"url\":\"https:\\\/\\\/fain.es\\\/ca\\\/puertas\\\/blog\\\/acord-fain-portes-secades\\\/\",\"name\":\"Acord FAIN Portes - Secades - FAIN\",\"isPartOf\":{\"@id\":\"https:\\\/\\\/fain.es\\\/ca\\\/#website\"},\"primaryImageOfPage\":{\"@id\":\"https:\\\/\\\/fain.es\\\/ca\\\/puertas\\\/blog\\\/acord-fain-portes-secades\\\/#primaryimage\"},\"image\":{\"@id\":\"https:\\\/\\\/fain.es\\\/ca\\\/puertas\\\/blog\\\/acord-fain-portes-secades\\\/#primaryimage\"},\"thumbnailUrl\":\"https:\\\/\\\/fain.es\\\/wp-content\\\/uploads\\\/2023\\\/03\\\/foto-secades.jpg\",\"datePublished\":\"2025-12-11T08:25:34+00:00\",\"dateModified\":\"2025-12-11T08:25:41+00:00\",\"breadcrumb\":{\"@id\":\"https:\\\/\\\/fain.es\\\/ca\\\/puertas\\\/blog\\\/acord-fain-portes-secades\\\/#breadcrumb\"},\"inLanguage\":\"ca\",\"potentialAction\":[{\"@type\":\"ReadAction\",\"target\":[\"https:\\\/\\\/fain.es\\\/ca\\\/puertas\\\/blog\\\/acord-fain-portes-secades\\\/\"]}]},{\"@type\":\"ImageObject\",\"inLanguage\":\"ca\",\"@id\":\"https:\\\/\\\/fain.es\\\/ca\\\/puertas\\\/blog\\\/acord-fain-portes-secades\\\/#primaryimage\",\"url\":\"https:\\\/\\\/fain.es\\\/wp-content\\\/uploads\\\/2023\\\/03\\\/foto-secades.jpg\",\"contentUrl\":\"https:\\\/\\\/fain.es\\\/wp-content\\\/uploads\\\/2023\\\/03\\\/foto-secades.jpg\",\"width\":750,\"height\":532,\"caption\":\"Puerta industrial y veh\u00edculo corporativo.\"},{\"@type\":\"BreadcrumbList\",\"@id\":\"https:\\\/\\\/fain.es\\\/ca\\\/puertas\\\/blog\\\/acord-fain-portes-secades\\\/#breadcrumb\",\"itemListElement\":[{\"@type\":\"ListItem\",\"position\":1,\"name\":\"Portada\",\"item\":\"https:\\\/\\\/fain.es\\\/ca\\\/fain-ascensors\\\/\"},{\"@type\":\"ListItem\",\"position\":2,\"name\":\"Acord FAIN Portes &#8211; Secades\"}]},{\"@type\":\"WebSite\",\"@id\":\"https:\\\/\\\/fain.es\\\/ca\\\/#website\",\"url\":\"https:\\\/\\\/fain.es\\\/ca\\\/\",\"name\":\"FAIN\",\"description\":\"\",\"potentialAction\":[{\"@type\":\"SearchAction\",\"target\":{\"@type\":\"EntryPoint\",\"urlTemplate\":\"https:\\\/\\\/fain.es\\\/ca\\\/?s={search_term_string}\"},\"query-input\":{\"@type\":\"PropertyValueSpecification\",\"valueRequired\":true,\"valueName\":\"search_term_string\"}}],\"inLanguage\":\"ca\"}]}<\/script>\n<!-- \/ Yoast SEO plugin. -->","yoast_head_json":{"title":"Acord FAIN Portes - Secades - FAIN","robots":{"index":"index","follow":"follow","max-snippet":"max-snippet:-1","max-image-preview":"max-image-preview:large","max-video-preview":"max-video-preview:-1"},"canonical":"https:\/\/fain.es\/ca\/puertas\/blog\/acord-fain-portes-secades\/","og_locale":"ca_ES","og_type":"article","og_title":"Acord FAIN Portes - Secades - FAIN","og_description":"Recentment FAIN PUERTAS ha arribat a un important Acord amb l&#8217;empresa PORTES SECADES per adquirir el fons de comer\u00e7 i l&#8217;estructura operativa d&#8217;aquesta empresa a la Comunitat de Madrid. Portes Secades \u00e9s una empresa dedicada a la fabricaci\u00f3 de portes autom\u00e0tiques i industrials; la seva Central est\u00e0 ubicada a Burgos i, a m\u00e9s de la [&hellip;]","og_url":"https:\/\/fain.es\/ca\/puertas\/blog\/acord-fain-portes-secades\/","og_site_name":"FAIN","article_modified_time":"2025-12-11T08:25:41+00:00","og_image":[{"width":750,"height":532,"url":"https:\/\/fain.es\/wp-content\/uploads\/2023\/03\/foto-secades.jpg","type":"image\/jpeg"}],"twitter_card":"summary_large_image","twitter_misc":{"Temps estimat de lectura":"1 minut"},"schema":{"@context":"https:\/\/schema.org","@graph":[{"@type":"WebPage","@id":"https:\/\/fain.es\/ca\/puertas\/blog\/acord-fain-portes-secades\/","url":"https:\/\/fain.es\/ca\/puertas\/blog\/acord-fain-portes-secades\/","name":"Acord FAIN Portes - Secades - FAIN","isPartOf":{"@id":"https:\/\/fain.es\/ca\/#website"},"primaryImageOfPage":{"@id":"https:\/\/fain.es\/ca\/puertas\/blog\/acord-fain-portes-secades\/#primaryimage"},"image":{"@id":"https:\/\/fain.es\/ca\/puertas\/blog\/acord-fain-portes-secades\/#primaryimage"},"thumbnailUrl":"https:\/\/fain.es\/wp-content\/uploads\/2023\/03\/foto-secades.jpg","datePublished":"2025-12-11T08:25:34+00:00","dateModified":"2025-12-11T08:25:41+00:00","breadcrumb":{"@id":"https:\/\/fain.es\/ca\/puertas\/blog\/acord-fain-portes-secades\/#breadcrumb"},"inLanguage":"ca","potentialAction":[{"@type":"ReadAction","target":["https:\/\/fain.es\/ca\/puertas\/blog\/acord-fain-portes-secades\/"]}]},{"@type":"ImageObject","inLanguage":"ca","@id":"https:\/\/fain.es\/ca\/puertas\/blog\/acord-fain-portes-secades\/#primaryimage","url":"https:\/\/fain.es\/wp-content\/uploads\/2023\/03\/foto-secades.jpg","contentUrl":"https:\/\/fain.es\/wp-content\/uploads\/2023\/03\/foto-secades.jpg","width":750,"height":532,"caption":"Puerta industrial y veh\u00edculo corporativo."},{"@type":"BreadcrumbList","@id":"https:\/\/fain.es\/ca\/puertas\/blog\/acord-fain-portes-secades\/#breadcrumb","itemListElement":[{"@type":"ListItem","position":1,"name":"Portada","item":"https:\/\/fain.es\/ca\/fain-ascensors\/"},{"@type":"ListItem","position":2,"name":"Acord FAIN Portes &#8211; Secades"}]},{"@type":"WebSite","@id":"https:\/\/fain.es\/ca\/#website","url":"https:\/\/fain.es\/ca\/","name":"FAIN","description":"","potentialAction":[{"@type":"SearchAction","target":{"@type":"EntryPoint","urlTemplate":"https:\/\/fain.es\/ca\/?s={search_term_string}"},"query-input":{"@type":"PropertyValueSpecification","valueRequired":true,"valueName":"search_term_string"}}],"inLanguage":"ca"}]}},"_links":{"self":[{"href":"https:\/\/fain.es\/ca\/wp-json\/wp\/v2\/blog_puertas\/38326","targetHints":{"allow":["GET"]}}],"collection":[{"href":"https:\/\/fain.es\/ca\/wp-json\/wp\/v2\/blog_puertas"}],"about":[{"href":"https:\/\/fain.es\/ca\/wp-json\/wp\/v2\/types\/blog_puertas"}],"author":[{"embeddable":true,"href":"https:\/\/fain.es\/ca\/wp-json\/wp\/v2\/users\/110120"}],"version-history":[{"count":2,"href":"https:\/\/fain.es\/ca\/wp-json\/wp\/v2\/blog_puertas\/38326\/revisions"}],"predecessor-version":[{"id":38332,"href":"https:\/\/fain.es\/ca\/wp-json\/wp\/v2\/blog_puertas\/38326\/revisions\/38332"}],"wp:featuredmedia":[{"embeddable":true,"href":"https:\/\/fain.es\/ca\/wp-json\/wp\/v2\/media\/38328"}],"wp:attachment":[{"href":"https:\/\/fain.es\/ca\/wp-json\/wp\/v2\/media?parent=38326"}],"curies":[{"name":"wp","href":"https:\/\/api.w.org\/{rel}","templated":true}]}}